{"id":110845,"date":"2021-02-08T12:41:00","date_gmt":"2021-02-08T17:41:00","guid":{"rendered":"https:\/\/linitiative.ca\/International\/cette-jeunesse-tunisienne-qui-fait-de-chokri-belaid-licone-de-son-combat-album-photos\/"},"modified":"2021-02-08T12:41:00","modified_gmt":"2021-02-08T17:41:00","slug":"cette-jeunesse-tunisienne-qui-fait-de-chokri-belaid-licone-de-son-combat-album-photos","status":"publish","type":"post","link":"https:\/\/linitiative.ca\/International\/cette-jeunesse-tunisienne-qui-fait-de-chokri-belaid-licone-de-son-combat-album-photos\/","title":{"rendered":"Cette jeunesse tunisienne qui fait de Chokri Bela\u00efd l&rsquo;ic\u00f4ne de son combat (Album photos)"},"content":{"rendered":"<p>Quel \u00e2ge avaient-ils le 6 f\u00e9vrier 2013, jour du l\u00e2che assassinat, il y a huit ans de Chokri Bela\u00efd\u00a0? Pour la plupart de ceux qui ont battu l\u2019asphalte des rues et avenues de capitale Tunis et de nombreuses villes de l\u2019int\u00e9rieur, en ce jour de comm\u00e9moration, ils avaient \u00e0 peine 15 ans. S\u2019ils avaient bien v\u00e9cu le drame, ils n\u2019en ont r\u00e9alis\u00e9 l\u2019ampleur que des ann\u00e9es apr\u00e8s.<\/p>\n<p>S\u2019ils sortent aujourd\u2019hui, crier leur indignation, d\u00e9noncer les auteurs, appeler \u00e0 lever toute la lumi\u00e8re sur les commanditaires, les ex\u00e9cuteurs et leurs complices, c\u2019est pour interpeller la justice, la classe politique, les consciences.<\/p>\n<p>Tr\u00e8s jeunes hier, ils sont m\u00fbrs aujourd\u2019hui, d\u00e9termin\u00e9s \u00e0 s\u2019exprimer, \u00e0 crier haut et fort leur ras-le-bol, \u00e0 d\u00e9crier ceux qui les gouvernent. C\u2019est cette nouvelle g\u00e9n\u00e9ration qui entretient la flamme et portera le combat. Les v\u00e9t\u00e9rans \u00e9taient tous ou presque l\u00e0, entourant la famille du martyre Chokri Bela\u00efd de leur affection et de leur compassion, renouvel\u00e9es. Mais, ce sont ces jeunes qui apportent le plus de r\u00e9confort. Tant ils sont-l\u00e0, tant ils finiront par \u0153uvrer \u00e0 faire \u00e9clater la v\u00e9rit\u00e9. Le relais est pris. La justice s\u2019exercera.<\/p>\n<p><strong>Lire aussi<\/strong><\/p>\n<p><a href=\"https:\/\/www.leaders.com.tn\/article\/31397-inauguration-du-memorial-erige-a-la-memoire-du-martyr-chokri-belaid-album-photos\" target=\"_blank\" rel=\"noopener\">Inauguration du s\u00e9pulcre \u00e9rig\u00e9 \u00e0 la m\u00e9moire du martyr Chokri Bela\u00efd (Album photos)<\/a><br \/>\u00a0<\/p>\n<p>Auteur:<br \/>\n<a href=\"https:\/\/www.leaders.com.tn\/article\/31401-cette-jeunesse-tunisienne-qui-fait-de-chokri-belaid-l-icone-de-son-combat-album-photos\">Cliquez ici pour lire l&rsquo;article depuis sa source.<\/a><\/p>\n","protected":false},"excerpt":{"rendered":"<p>Quel \u00e2ge avaient-ils le 6 f\u00e9vrier 2013, jour du l\u00e2che assassinat, il y a huit ans de Chokri Bela\u00efd\u00a0? Pour la plupart de ceux qui ont battu l\u2019asphalte des rues et avenues de capitale Tunis et de nombreuses villes de l\u2019int\u00e9rieur, en ce jour de comm\u00e9moration, ils avaient \u00e0 peine 15 ans. S\u2019ils avaient bien [&hellip;]<\/p>\n","protected":false},"author":1772,"featured_media":0,"comment_status":"closed","ping_status":"closed","sticky":false,"template":"","format":"standard","meta":{"fifu_image_url":"","fifu_image_alt":"","footnotes":""},"categories":[73,55],"tags":[],"class_list":["post-110845","post","type-post","status-publish","format-standard","hentry","category-actualite","category-tunisie"],"_links":{"self":[{"href":"https:\/\/linitiative.ca\/International\/wp-json\/wp\/v2\/posts\/110845","targetHints":{"allow":["GET"]}}],"collection":[{"href":"https:\/\/linitiative.ca\/International\/wp-json\/wp\/v2\/posts"}],"about":[{"href":"https:\/\/linitiative.ca\/International\/wp-json\/wp\/v2\/types\/post"}],"author":[{"embeddable":true,"href":"https:\/\/linitiative.ca\/International\/wp-json\/wp\/v2\/users\/1772"}],"replies":[{"embeddable":true,"href":"https:\/\/linitiative.ca\/International\/wp-json\/wp\/v2\/comments?post=110845"}],"version-history":[{"count":0,"href":"https:\/\/linitiative.ca\/International\/wp-json\/wp\/v2\/posts\/110845\/revisions"}],"wp:attachment":[{"href":"https:\/\/linitiative.ca\/International\/wp-json\/wp\/v2\/media?parent=110845"}],"wp:term":[{"taxonomy":"category","embeddable":true,"href":"https:\/\/linitiative.ca\/International\/wp-json\/wp\/v2\/categories?post=110845"},{"taxonomy":"post_tag","embeddable":true,"href":"https:\/\/linitiative.ca\/International\/wp-json\/wp\/v2\/tags?post=110845"}],"curies":[{"name":"wp","href":"https:\/\/api.w.org\/{rel}","templated":true}]}}