{"id":110850,"date":"2021-02-08T11:52:31","date_gmt":"2021-02-08T16:52:31","guid":{"rendered":"https:\/\/linitiative.ca\/International\/moncef-slaoui-un-tres-grand-progres-a-ete-fait-vers-lelimination-de-la-pandemie-grace-a-lutilisation-des-vaccins\/"},"modified":"2021-02-08T11:52:31","modified_gmt":"2021-02-08T16:52:31","slug":"moncef-slaoui-un-tres-grand-progres-a-ete-fait-vers-lelimination-de-la-pandemie-grace-a-lutilisation-des-vaccins","status":"publish","type":"post","link":"https:\/\/linitiative.ca\/International\/moncef-slaoui-un-tres-grand-progres-a-ete-fait-vers-lelimination-de-la-pandemie-grace-a-lutilisation-des-vaccins\/","title":{"rendered":"Moncef Slaoui  :  \u00ab Un tr\u00e8s grand progr\u00e8s a \u00e9t\u00e9 fait vers l\u2019\u00e9limination de la pand\u00e9mie gr\u00e2ce \u00e0 l\u2019utilisation des vaccins \u00bb"},"content":{"rendered":"<p><strong>Moncef Slaoui, ex- conseiller scientifique en chef de l\u2019Op\u00e9ration Warp Speed, lanc\u00e9e par l\u2019ancien pr\u00e9sident am\u00e9ricain Donald Trump pour mettre au point un vaccin contre le coronavirus aux Etats-Unis, revient sur l\u2019\u00e9volution des diff\u00e9rentes campagnes de vaccination en cours aux Etats-Unis et en Europe notamment. L\u2019immunologue d\u2019origine marocaine \u00e9voque \u00e9galement l\u2019efficacit\u00e9 des diff\u00e9rents vaccins, les critiques acerbes qu\u2019il a subies tout au long du processus\u2026<\/strong><\/p>\n<div class=\"wp-block-embed__wrapper\"><iframe loading=\"lazy\" title=\"Pr Moncef Slaoui : &quot;L&#x2019;Europe a agi au niveau de l&#x2019;achat des vaccins, pas de la recherche&quot;\" width=\"1140\" height=\"641\" src=\"https:\/\/www.youtube.com\/embed\/vijiHZG7Nuw?feature=oembed\" frameborder=\"0\" allow=\"accelerometer; autoplay; clipboard-write; encrypted-media; gyroscope; picture-in-picture\" allowfullscreen=\"\">[embedded content]<\/iframe><\/div>\n<p>Auteur: challenge<br \/>\n<a href=\"https:\/\/www.challenge.ma\/moncef-slaoui-un-tres-grand-progres-a-ete-fait-vers-lelimination-de-la-pandemie-grace-a-lutilisation-des-vaccins-174558\/\">Cliquez ici pour lire l&rsquo;article depuis sa source.<\/a><\/p>\n","protected":false},"excerpt":{"rendered":"<p>Moncef Slaoui, ex- conseiller scientifique en chef de l\u2019Op\u00e9ration Warp Speed, lanc\u00e9e par l\u2019ancien pr\u00e9sident am\u00e9ricain Donald Trump pour mettre au point un vaccin contre le coronavirus aux Etats-Unis, revient sur l\u2019\u00e9volution des diff\u00e9rentes campagnes de vaccination en cours aux Etats-Unis et en Europe notamment. L\u2019immunologue d\u2019origine marocaine \u00e9voque \u00e9galement l\u2019efficacit\u00e9 des diff\u00e9rents vaccins, les [&hellip;]<\/p>\n","protected":false},"author":1787,"featured_media":0,"comment_status":"closed","ping_status":"closed","sticky":false,"template":"","format":"standard","meta":{"fifu_image_url":"","fifu_image_alt":"","footnotes":""},"categories":[78,54],"tags":[],"class_list":["post-110850","post","type-post","status-publish","format-standard","hentry","category-economie","category-maroc"],"_links":{"self":[{"href":"https:\/\/linitiative.ca\/International\/wp-json\/wp\/v2\/posts\/110850","targetHints":{"allow":["GET"]}}],"collection":[{"href":"https:\/\/linitiative.ca\/International\/wp-json\/wp\/v2\/posts"}],"about":[{"href":"https:\/\/linitiative.ca\/International\/wp-json\/wp\/v2\/types\/post"}],"author":[{"embeddable":true,"href":"https:\/\/linitiative.ca\/International\/wp-json\/wp\/v2\/users\/1787"}],"replies":[{"embeddable":true,"href":"https:\/\/linitiative.ca\/International\/wp-json\/wp\/v2\/comments?post=110850"}],"version-history":[{"count":0,"href":"https:\/\/linitiative.ca\/International\/wp-json\/wp\/v2\/posts\/110850\/revisions"}],"wp:attachment":[{"href":"https:\/\/linitiative.ca\/International\/wp-json\/wp\/v2\/media?parent=110850"}],"wp:term":[{"taxonomy":"category","embeddable":true,"href":"https:\/\/linitiative.ca\/International\/wp-json\/wp\/v2\/categories?post=110850"},{"taxonomy":"post_tag","embeddable":true,"href":"https:\/\/linitiative.ca\/International\/wp-json\/wp\/v2\/tags?post=110850"}],"curies":[{"name":"wp","href":"https:\/\/api.w.org\/{rel}","templated":true}]}}