{"id":110852,"date":"2021-02-08T14:37:19","date_gmt":"2021-02-08T19:37:19","guid":{"rendered":"https:\/\/linitiative.ca\/International\/tourisme-la-cnss-reconduit-lindemnite-forfaitaire-mensuelle-au-profit-des-employes\/"},"modified":"2021-02-08T14:37:19","modified_gmt":"2021-02-08T19:37:19","slug":"tourisme-la-cnss-reconduit-lindemnite-forfaitaire-mensuelle-au-profit-des-employes","status":"publish","type":"post","link":"https:\/\/linitiative.ca\/International\/tourisme-la-cnss-reconduit-lindemnite-forfaitaire-mensuelle-au-profit-des-employes\/","title":{"rendered":"Tourisme : la CNSS reconduit l\u2019indemnit\u00e9 forfaitaire mensuelle au profit des  employ\u00e9s"},"content":{"rendered":"<p><strong>La Caisse nationale de s\u00e9curit\u00e9 sociale (CNSS) a d\u00e9cid\u00e9 de prolonger l\u2019octroi aux employ\u00e9s du secteur touristique de l\u2019indemnit\u00e9 forfaitaire mensuelle.<\/strong><\/p>\n<div class=\"c10\"\/>\n<p>Cette indemnit\u00e9 financ\u00e9e par le Fonds sp\u00e9cial pour la gestion de la pand\u00e9mie du Coronavirus sera ainsi prolong\u00e9e pour une p\u00e9riode suppl\u00e9mentaire de janvier \u00e0 mars. La CNSS pr\u00e9cise que cette prolongation intervient suite \u00e0 la signature d\u2019un annexe d\u2019amendement au programme contractuel, le 6 janvier dernier, pour le soutien et le d\u00e9collage du secteur du tourisme. Notons que l\u2019annexe d\u2019amendement pr\u00e9voit \u00e9galement le droit de b\u00e9n\u00e9ficier des indemnit\u00e9s familiales et d\u2019assurance maladie obligatoire, conform\u00e9ment aux dispositions l\u00e9gislatives en vigueur.<\/p>\n<p><strong>Lire aussi| <a href=\"https:\/\/www.challenge.ma\/voiture-electrique-le-maroc-a-des-parts-a-prendre-dans-la-competition-mondiale-174578\/\">Voiture \u00e9lectrique : le Maroc a des parts \u00e0 prendre dans la comp\u00e9tition mondiale<\/a><\/strong><\/p>\n<p>\u00ab\u00a0Les employeurs concern\u00e9s et souhaitant que leurs salari\u00e9s b\u00e9n\u00e9ficient de ce soutien financier, pour les mois de janvier, f\u00e9vrier et mars, doivent proc\u00e9der \u00e0 la d\u00e9claration de leurs employ\u00e9s via le portail covid19.cnss.ma durant la p\u00e9riode qui sera fix\u00e9e par le d\u00e9cret qui devrait \u00eatre publi\u00e9 au Bulletin officiel\u00a0\u00bb a ajout\u00e9 la CNSS. Force est de remarquer que cette mesure concerne les \u00e9tablissements d\u2019h\u00e9bergement class\u00e9s, les agences de voyages, les propri\u00e9taires de transports touristiques, les salari\u00e9s et les stagiaires dans le cadre de contrats d\u2019insertion travaillant dans le secteur, en plus des guides touristiques inscrits \u00e0 la s\u00e9curit\u00e9 sociale en vertu des lois N\u00b0 98.15 et 99.15 relatives \u00e0 la couverture sanitaire et sociale des travailleurs non-salari\u00e9s.<\/p>\n<p><strong>Lire aussi| <a href=\"https:\/\/www.challenge.ma\/moncef-slaoui-un-tres-grand-progres-a-ete-fait-vers-lelimination-de-la-pandemie-grace-a-lutilisation-des-vaccins-174558\/\">Moncef Slaoui : \u00ab Un tr\u00e8s grand progr\u00e8s a \u00e9t\u00e9 fait vers l\u2019\u00e9limination de la pand\u00e9mie gr\u00e2ce \u00e0 l\u2019utilisation des vaccins \u00bb<\/a><\/strong><\/p>\n<p>Auteur: challenge<br \/>\n<a href=\"https:\/\/www.challenge.ma\/tourisme-la-cnss-reconduit-lindemnite-forfaitaire-mensuelle-au-profit-des-employes-174599\/\">Cliquez ici pour lire l&rsquo;article depuis sa source.<\/a><\/p>\n","protected":false},"excerpt":{"rendered":"<p>La Caisse nationale de s\u00e9curit\u00e9 sociale (CNSS) a d\u00e9cid\u00e9 de prolonger l\u2019octroi aux employ\u00e9s du secteur touristique de l\u2019indemnit\u00e9 forfaitaire mensuelle. Cette indemnit\u00e9 financ\u00e9e par le Fonds sp\u00e9cial pour la gestion de la pand\u00e9mie du Coronavirus sera ainsi prolong\u00e9e pour une p\u00e9riode suppl\u00e9mentaire de janvier \u00e0 mars. La CNSS pr\u00e9cise que cette prolongation intervient suite [&hellip;]<\/p>\n","protected":false},"author":1787,"featured_media":0,"comment_status":"closed","ping_status":"closed","sticky":false,"template":"","format":"standard","meta":{"fifu_image_url":"","fifu_image_alt":"","footnotes":""},"categories":[78,54],"tags":[],"class_list":["post-110852","post","type-post","status-publish","format-standard","hentry","category-economie","category-maroc"],"_links":{"self":[{"href":"https:\/\/linitiative.ca\/International\/wp-json\/wp\/v2\/posts\/110852","targetHints":{"allow":["GET"]}}],"collection":[{"href":"https:\/\/linitiative.ca\/International\/wp-json\/wp\/v2\/posts"}],"about":[{"href":"https:\/\/linitiative.ca\/International\/wp-json\/wp\/v2\/types\/post"}],"author":[{"embeddable":true,"href":"https:\/\/linitiative.ca\/International\/wp-json\/wp\/v2\/users\/1787"}],"replies":[{"embeddable":true,"href":"https:\/\/linitiative.ca\/International\/wp-json\/wp\/v2\/comments?post=110852"}],"version-history":[{"count":0,"href":"https:\/\/linitiative.ca\/International\/wp-json\/wp\/v2\/posts\/110852\/revisions"}],"wp:attachment":[{"href":"https:\/\/linitiative.ca\/International\/wp-json\/wp\/v2\/media?parent=110852"}],"wp:term":[{"taxonomy":"category","embeddable":true,"href":"https:\/\/linitiative.ca\/International\/wp-json\/wp\/v2\/categories?post=110852"},{"taxonomy":"post_tag","embeddable":true,"href":"https:\/\/linitiative.ca\/International\/wp-json\/wp\/v2\/tags?post=110852"}],"curies":[{"name":"wp","href":"https:\/\/api.w.org\/{rel}","templated":true}]}}