{"id":110853,"date":"2021-02-08T14:59:01","date_gmt":"2021-02-08T19:59:01","guid":{"rendered":"https:\/\/linitiative.ca\/International\/sahara-le-depute-mjid-el-guerrab-favorable-a-louverture-dun-consulat-francais-a-dakhla\/"},"modified":"2021-02-08T14:59:01","modified_gmt":"2021-02-08T19:59:01","slug":"sahara-le-depute-mjid-el-guerrab-favorable-a-louverture-dun-consulat-francais-a-dakhla","status":"publish","type":"post","link":"https:\/\/linitiative.ca\/International\/sahara-le-depute-mjid-el-guerrab-favorable-a-louverture-dun-consulat-francais-a-dakhla\/","title":{"rendered":"Sahara : le d\u00e9put\u00e9 M\u2019Jid El Guerrab favorable \u00e0 l\u2019ouverture d\u2019un consulat fran\u00e7ais \u00e0 Dakhla"},"content":{"rendered":"<p><strong>M\u2019Jid El Guerrab, d\u00e9put\u00e9 du groupe Agir ensemble (Majorit\u00e9 pr\u00e9sidentielle), s\u2019est dit favorable \u00e0 l\u2019ouverture d\u2019un consulat fran\u00e7ais \u00e0 Dakhla.<\/strong><\/p>\n<div class=\"c10\"\/>\n<p>A la suite des r\u00e9cents d\u00e9veloppements de la situation concernant le Sahara marocain, ainsi que les diff\u00e9rentes ouvertures des consulats dans la r\u00e9gion du Sud du Maorc, le d\u00e9put\u00e9 d\u2019origine marocaine a indiqu\u00e9 dans un entretien que l\u2019ouverture d\u2019un consulat est du ressort des autorit\u00e9s diplomatiques fran\u00e7aises. Mais, qu\u2019il \u00e9tait, en tant que d\u00e9put\u00e9 repr\u00e9sentant le pouvoir l\u00e9gislatif et le peuple fran\u00e7ais, pour l\u2019ouverture d\u2019une repr\u00e9sentation fran\u00e7aise \u00e0 Dakhla.<\/p>\n<p>Il a \u00e9galement ajout\u00e9 \u00e0 sa d\u00e9claration que la pr\u00e9sence massive des fran\u00e7ais dans les provinces sud du Maroc devrait \u00eatre un facteur majeur pour l\u2019ouverture de ce consulat ou tout autre forme d\u2019antenne diplomatique. \u00ab Il y a des Fran\u00e7ais dans le Sud du Maroc, \u00e0 Dakhla notamment, qui n\u2019ont qu\u2019une envie, c\u2019est que la France ouvre un Consulat qui leur facilitera l\u2019ensemble des proc\u00e9dures administratives et leur \u00e9vitera de se rendre \u00e0 Agadir \u00bb, a assur\u00e9 le d\u00e9put\u00e9 fran\u00e7ais.<\/p>\n<p><strong>Lire aussi| <a href=\"https:\/\/www.challenge.ma\/tourisme-la-cnss-reconduit-lindemnite-forfaitaire-mensuelle-au-profit-des-employes-174599\/\">Tourisme : la CNSS reconduit l\u2019indemnit\u00e9 forfaitaire mensuelle au profit des employ\u00e9s<\/a><\/strong><\/p>\n<p>Selon lui, \u00abil faudrait, effectivement, r\u00e9fl\u00e9chir \u00e0 une antenne diplomatique, un consulat ou au moins un consulat honoraire\u201d. \u201cIl faudra trouver une formule, pour permettre aux ressortissants fran\u00e7ais qui vivent dans le sud du Maroc de pouvoir avoir acc\u00e8s \u00e0 toute l\u2019administration fran\u00e7aise : pour les passeports, les cartes d\u2019identit\u00e9, les mariages et tout ce qui concerne l\u2019\u00e9tat civil \u00bb, a-t-il assur\u00e9.<\/p>\n<p>Le d\u00e9put\u00e9 fran\u00e7ais a \u00e9galement saisi l\u2019occasion pour saluer le travail \u00ab formidable \u00bb de la diplomatie marocaine, sous le leadership du Roi Mohammed VI, dans le dossier du Sahara mais \u00e9galement les diff\u00e9rentes autres \u00ab belles victoires \u00bb diplomatiques remport\u00e9es par le Maroc ces derni\u00e8res ann\u00e9es, \u00e0 l\u2019image du retour \u00e0 l\u2019Union africaine.<\/p>\n<p><strong>Lire aussi| <a href=\"https:\/\/www.challenge.ma\/moncef-slaoui-un-tres-grand-progres-a-ete-fait-vers-lelimination-de-la-pandemie-grace-a-lutilisation-des-vaccins-174558\/\">Moncef Slaoui : \u00ab Un tr\u00e8s grand progr\u00e8s a \u00e9t\u00e9 fait vers l\u2019\u00e9limination de la pand\u00e9mie gr\u00e2ce \u00e0 l\u2019utilisation des vaccins \u00bb<\/a><\/strong><\/p>\n<p>Pour rappel, le d\u00e9put\u00e9 de la majorit\u00e9 pr\u00e9sidentielle a tenu \u00e0 souligner que \u00ab la France a \u00e9t\u00e9 le premier pays \u00e0 reconnaitre et \u00e0 soutenir le plan d\u2019autonomie marocain sur le Sahara en 2007 \u00bb. Il a ajout\u00e9 que quand un pays soutenait le plan d\u2019autonomie marocain pour le Sahara, c\u2019est une forme de reconnaissance de la souverainet\u00e9 marocaine.<\/p>\n<p>Auteur: Amine Messaoudi<br \/>\n<a href=\"https:\/\/www.challenge.ma\/sahara-le-depute-mjid-el-guerrab-favorable-a-louverture-dun-consulat-francais-a-dakhla-174602\/\">Cliquez ici pour lire l&rsquo;article depuis sa source.<\/a><\/p>\n","protected":false},"excerpt":{"rendered":"<p>M\u2019Jid El Guerrab, d\u00e9put\u00e9 du groupe Agir ensemble (Majorit\u00e9 pr\u00e9sidentielle), s\u2019est dit favorable \u00e0 l\u2019ouverture d\u2019un consulat fran\u00e7ais \u00e0 Dakhla. A la suite des r\u00e9cents d\u00e9veloppements de la situation concernant le Sahara marocain, ainsi que les diff\u00e9rentes ouvertures des consulats dans la r\u00e9gion du Sud du Maorc, le d\u00e9put\u00e9 d\u2019origine marocaine a indiqu\u00e9 dans un [&hellip;]<\/p>\n","protected":false},"author":1787,"featured_media":0,"comment_status":"closed","ping_status":"closed","sticky":false,"template":"","format":"standard","meta":{"fifu_image_url":"","fifu_image_alt":"","footnotes":""},"categories":[78,54],"tags":[],"class_list":["post-110853","post","type-post","status-publish","format-standard","hentry","category-economie","category-maroc"],"_links":{"self":[{"href":"https:\/\/linitiative.ca\/International\/wp-json\/wp\/v2\/posts\/110853","targetHints":{"allow":["GET"]}}],"collection":[{"href":"https:\/\/linitiative.ca\/International\/wp-json\/wp\/v2\/posts"}],"about":[{"href":"https:\/\/linitiative.ca\/International\/wp-json\/wp\/v2\/types\/post"}],"author":[{"embeddable":true,"href":"https:\/\/linitiative.ca\/International\/wp-json\/wp\/v2\/users\/1787"}],"replies":[{"embeddable":true,"href":"https:\/\/linitiative.ca\/International\/wp-json\/wp\/v2\/comments?post=110853"}],"version-history":[{"count":0,"href":"https:\/\/linitiative.ca\/International\/wp-json\/wp\/v2\/posts\/110853\/revisions"}],"wp:attachment":[{"href":"https:\/\/linitiative.ca\/International\/wp-json\/wp\/v2\/media?parent=110853"}],"wp:term":[{"taxonomy":"category","embeddable":true,"href":"https:\/\/linitiative.ca\/International\/wp-json\/wp\/v2\/categories?post=110853"},{"taxonomy":"post_tag","embeddable":true,"href":"https:\/\/linitiative.ca\/International\/wp-json\/wp\/v2\/tags?post=110853"}],"curies":[{"name":"wp","href":"https:\/\/api.w.org\/{rel}","templated":true}]}}