{"id":110854,"date":"2021-02-08T15:30:45","date_gmt":"2021-02-08T20:30:45","guid":{"rendered":"https:\/\/linitiative.ca\/International\/tunisie-covid19-attention-au-retour-de-manivelle\/"},"modified":"2021-02-08T15:30:45","modified_gmt":"2021-02-08T20:30:45","slug":"tunisie-covid19-attention-au-retour-de-manivelle","status":"publish","type":"post","link":"https:\/\/linitiative.ca\/International\/tunisie-covid19-attention-au-retour-de-manivelle\/","title":{"rendered":"Tunisie \u2013 Covid19\u00a0: Attention au retour de manivelle\u00a0!"},"content":{"rendered":"<div class=\"post-cont-in left relative\">\n<div id=\"post-info-wrap\" class=\"left relative post-info-out\">\n<div class=\"post-info-img left relative\"><img loading=\"lazy\" decoding=\"async\" alt=\"\" src=\"https:\/\/secure.gravatar.com\/avatar\/96253f4a657b482a18e837c1252096c2?s=50&amp;d=mm&amp;r=g\" srcset=\"https:\/\/secure.gravatar.com\/avatar\/96253f4a657b482a18e837c1252096c2?s=100&amp;d=mm&amp;r=g 2x\" class=\"avatar avatar-50 photo\" height=\"50\" width=\"50\"\/><\/div>\n<div class=\"post-info-in\">\n<div class=\"post-info-right left relative post-info-name left relative\"><span><span class=\"post-info-text\">Par<\/span> <span class=\"author-name vcard fn author\"><a href=\"https:\/\/www.tunisienumerique.com\/author\/saber\/\" title=\"Articles par Saber .\" rel=\"author\">Saber .<\/a><\/span><\/span> <span class=\"post-date updated\"><time class=\"post-date updated\" datetime=\"2021-02-08\">\u00a0| Il y a 1 heure<\/time><\/span><\/div>\n<div class=\"left relative\"><button id=\"listenButton1\" class=\"responsivevoice-button\" type=\"button\" value=\"Play\" title=\"&#xC9;coutez l'article\"><span>\ud83d\udd0a \u00c9coutez l&rsquo;article<\/span><\/button> <\/div>\n<\/div>\n<\/div>\n<p>Bien que la situation \u00e9pid\u00e9miologique en rapport avec la Covid-19 en Tunisie, comme d\u2019ailleurs dans la plupart des r\u00e9gions du monde, soit de plus en plus apais\u00e9e, avec des courbes qui amorcent une l\u00e9g\u00e8re descente, il ne faudrait pas, vu comme se pr\u00e9sentent les choses, exclure une rechute en Tunisie.<\/p>\n<div class=\"code-block code-block-1 c4\"><ins class=\"adsbygoogle c3\" data-ad-layout=\"in-article\" data-ad-format=\"fluid\" data-ad-client=\"ca-pub-2102118777505746\" data-ad-slot=\"7301775417\"\/> <\/div>\n<p>Les tunisiens n\u2019arrivent, d\u00e9cid\u00e9ment, pas \u00e0 se contr\u00f4ler et \u00e0 respecter jusqu\u2019au bout les consignes de pr\u00e9vention. C\u2019est ainsi que le spectacle d\u00e9solant des bus et autres moyens de transport, bond\u00e9s de personnes dans un total d\u00e9fi des r\u00e8gles \u00e9l\u00e9mentaires de la distanciation sociale\u2026 De m\u00eame pour que ce qu\u2019on a vu, lors de la saison des soldes, quand on a \u00e9t\u00e9 \u00e9tonn\u00e9s, au d\u00e9but de leur maintien malgr\u00e9 la situation \u00e9pid\u00e9miologique critique.<\/p>\n<p>Une d\u00e9cision prise, d\u2019apr\u00e8s le minist\u00e8re de la Sant\u00e9, de fa\u00e7on unilat\u00e9rale par le minist\u00e8re du Commerce. Par la suite, on a \u00e9t\u00e9 estomaqu\u00e9s de voir que le d\u00e9partement du commerce n\u2019a pas interdit l\u2019usage des cabines d\u2019essayage, comme cela avait \u00e9t\u00e9 fait lors de la saison pr\u00e9c\u00e9dente. Cerise sur le g\u00e2teau, aura \u00e9t\u00e9 la foule amass\u00e9e et sans aucune mesure de pr\u00e9vention, qu\u2019on n\u2019a pu que constater, lors des protestations sociales et les manifestations qui ont grev\u00e9 la sc\u00e8ne sociale du pays, durant ces derni\u00e8res semaines\u2026<\/p>\n<p>A cause de tous ces faits, il ne serait pas \u00e9tonnant que la Tunisie connaisse une autre vague suppl\u00e9mentaire de Covid, avec une recrudescence des cas, d\u2019autant plus qu\u2019on attend toujours les premiers vaccins qui pourraient constituer le seul moyen de sortir de ce cauchemar, du moment qu\u2019on ne peut d\u00e9cid\u00e9ment pas compter sur le bon sens du tunisien pour le respect du protocole sanitaire.<\/p>\n<div class=\"swp_social_panel swp_horizontal_panel swp_flat_fresh swp_default_full_color swp_individual_full_color swp_other_full_color scale-100 scale-\" data-min-width=\"1100\" data-float-color=\"#ffffff\" data-float=\"bottom\" data-float-mobile=\"bottom\" data-transition=\"slide\">\n<div class=\"nc_tweetContainer swp_share_button total_shares total_sharesalt\"><span class=\"swp_count\">7 <span class=\"swp_label\">Partages<\/span><\/span><\/div>\n<\/div>\n<p><strong>Que se passe-t-il en Tunisie?<\/strong><br \/>Nous expliquons sur notre <a href=\"https:\/\/www.youtube.com\/channel\/UCRzypVq0B_yBad5eGrwBx0Q?sub_confirmation=1\" target=\"_blank\" rel=\"noopener\">cha\u00eene YouTube<\/a> . <a href=\"https:\/\/www.youtube.com\/channel\/UCRzypVq0B_yBad5eGrwBx0Q?sub_confirmation=1\" target=\"_blank\" rel=\"noopener\">Abonnez-vous!<\/a><\/p>\n<div class=\"mvp-org-wrap mvp-org-logo\" itemprop=\"publisher\"><img decoding=\"async\" src=\"https:\/\/www.tunisienumerique.com\/wp-content\/uploads\/2017\/02\/logo_tunisie_numerique.png\"\/><\/div>\n<div class=\"mvp-related-posts left relative\">\n<h4 class=\"post-header\"><span class=\"post-header\">Lire aussi<\/span><\/h4>\n<\/div>\n<div id=\"article-ad\"><ins class=\"adsbygoogle c5\" data-ad-client=\"ca-pub-2102118777505746\" data-ad-slot=\"6513972734\" data-ad-format=\"auto\" data-full-width-responsive=\"true\"\/> <\/div>\n<\/div>\n<div id=\"post-sidebar-wrap\"><ins class=\"adsbygoogle c5\" data-ad-client=\"ca-pub-2102118777505746\" data-ad-slot=\"6168283410\" data-ad-format=\"auto\" data-full-width-responsive=\"true\"\/> <\/div>\n<p>Auteur: Saber .<br \/>\n<a href=\"https:\/\/www.tunisienumerique.com\/tunisie-covid19-attention-au-retour-de-manivelle\/\">Cliquez ici pour lire l&rsquo;article depuis sa source.<\/a><\/p>\n","protected":false},"excerpt":{"rendered":"<p>Par Saber . \u00a0| Il y a 1 heure \ud83d\udd0a \u00c9coutez l&rsquo;article Bien que la situation \u00e9pid\u00e9miologique en rapport avec la Covid-19 en Tunisie, comme d\u2019ailleurs dans la plupart des r\u00e9gions du monde, soit de plus en plus apais\u00e9e, avec des courbes qui amorcent une l\u00e9g\u00e8re descente, il ne faudrait pas, vu comme se pr\u00e9sentent [&hellip;]<\/p>\n","protected":false},"author":1789,"featured_media":0,"comment_status":"closed","ping_status":"closed","sticky":false,"template":"","format":"standard","meta":{"fifu_image_url":"https:\/\/secure.gravatar.com\/avatar\/96253f4a657b482a18e837c1252096c2?s=50&d=mm&r=g","fifu_image_alt":"Tunisie \u2013 Covid19\u00a0: Attention au retour de manivelle\u00a0!","footnotes":""},"categories":[73,55],"tags":[],"class_list":["post-110854","post","type-post","status-publish","format-standard","hentry","category-actualite","category-tunisie"],"_links":{"self":[{"href":"https:\/\/linitiative.ca\/International\/wp-json\/wp\/v2\/posts\/110854","targetHints":{"allow":["GET"]}}],"collection":[{"href":"https:\/\/linitiative.ca\/International\/wp-json\/wp\/v2\/posts"}],"about":[{"href":"https:\/\/linitiative.ca\/International\/wp-json\/wp\/v2\/types\/post"}],"author":[{"embeddable":true,"href":"https:\/\/linitiative.ca\/International\/wp-json\/wp\/v2\/users\/1789"}],"replies":[{"embeddable":true,"href":"https:\/\/linitiative.ca\/International\/wp-json\/wp\/v2\/comments?post=110854"}],"version-history":[{"count":0,"href":"https:\/\/linitiative.ca\/International\/wp-json\/wp\/v2\/posts\/110854\/revisions"}],"wp:attachment":[{"href":"https:\/\/linitiative.ca\/International\/wp-json\/wp\/v2\/media?parent=110854"}],"wp:term":[{"taxonomy":"category","embeddable":true,"href":"https:\/\/linitiative.ca\/International\/wp-json\/wp\/v2\/categories?post=110854"},{"taxonomy":"post_tag","embeddable":true,"href":"https:\/\/linitiative.ca\/International\/wp-json\/wp\/v2\/tags?post=110854"}],"curies":[{"name":"wp","href":"https:\/\/api.w.org\/{rel}","templated":true}]}}