{"id":110855,"date":"2021-02-08T15:49:44","date_gmt":"2021-02-08T20:49:44","guid":{"rendered":"https:\/\/linitiative.ca\/International\/tunisie-contrairement-aux-allegations-de-carthage-le-courrier-de-mechichi-etait-bien-destine-au-president-de-la-republique\/"},"modified":"2021-02-08T15:49:44","modified_gmt":"2021-02-08T20:49:44","slug":"tunisie-contrairement-aux-allegations-de-carthage-le-courrier-de-mechichi-etait-bien-destine-au-president-de-la-republique","status":"publish","type":"post","link":"https:\/\/linitiative.ca\/International\/tunisie-contrairement-aux-allegations-de-carthage-le-courrier-de-mechichi-etait-bien-destine-au-president-de-la-republique\/","title":{"rendered":"Tunisie \u2013 Contrairement aux all\u00e9gations de Carthage le courrier de Mechichi \u00e9tait bien destin\u00e9 au pr\u00e9sident de la R\u00e9publique"},"content":{"rendered":"<div class=\"post-cont-in left relative\">\n<div id=\"post-info-wrap\" class=\"left relative post-info-out\">\n<div class=\"post-info-img left relative\"><img loading=\"lazy\" decoding=\"async\" alt=\"\" src=\"https:\/\/secure.gravatar.com\/avatar\/047123be9d5e8513774383916ee72db2?s=50&amp;d=mm&amp;r=g\" srcset=\"https:\/\/secure.gravatar.com\/avatar\/047123be9d5e8513774383916ee72db2?s=100&amp;d=mm&amp;r=g 2x\" class=\"avatar avatar-50 photo\" height=\"50\" width=\"50\"\/><\/div>\n<div class=\"post-info-in\">\n<div class=\"post-info-right left relative post-info-name left relative\"><span><span class=\"post-info-text\">Par<\/span> <span class=\"author-name vcard fn author\"><a href=\"https:\/\/www.tunisienumerique.com\/author\/lm\/\" title=\"Articles par LM\" rel=\"author\">LM<\/a><\/span><\/span> <span class=\"post-date updated\"><time class=\"post-date updated\" datetime=\"2021-02-08\">\u00a0| Il y a 40 minutes<\/time><\/span><\/div>\n<div class=\"left relative\"><button id=\"listenButton1\" class=\"responsivevoice-button\" type=\"button\" value=\"Play\" title=\"&#xC9;coutez l'article\"><span>\ud83d\udd0a \u00c9coutez l&rsquo;article<\/span><\/button> <\/div>\n<\/div>\n<\/div>\n<p>Suite \u00e0 la d\u00e9claration des services de la pr\u00e9sidence de la R\u00e9publique, faisant \u00e9tat du renvoi par Ka\u00efs Sa\u00efed \u00e0 la Kasbah, d\u2019un courrier qui comportait une erreur dans la d\u00e9signation du destinataire, dans la mesure o\u00f9 il \u00e9tait adress\u00e9 au chef du gouvernement au lieu du pr\u00e9sident de la R\u00e9publique. Sachant que dans ce courrier, Mechichi rappelait au pr\u00e9sident de la R\u00e9publique qu\u2019il lui avait demand\u00e9 de fixer un rendez-vous pour la prestation du serment des nouveaux ministres.<\/p>\n<div class=\"code-block code-block-1 c4\"><ins class=\"adsbygoogle c3\" data-ad-layout=\"in-article\" data-ad-format=\"fluid\" data-ad-client=\"ca-pub-2102118777505746\" data-ad-slot=\"7301775417\"\/> <\/div>\n<p>Suite \u00e0 ces d\u00e9clarations, la pr\u00e9sidence du gouvernement a d\u00e9menti une telle erreur, et, parall\u00e8lement, une copie du courrier a fuit\u00e9e sur les r\u00e9seaux sociaux, montrant bien que le pr\u00e9sident de la R\u00e9publique \u00e9tait bien le destinataire.<\/p>\n<p>La pr\u00e9sidence de la R\u00e9publique a pr\u00e9cis\u00e9 que l\u2019erreur du libell\u00e9 du destinataire du courrier se trouvait sur l\u2019ext\u00e9rieur de l\u2019enveloppe qui contenait l\u2019\u00e9crit.<\/p>\n<p><a href=\"https:\/\/www.tunisienumerique.com\/tunisie-contrairement-aux-allegations-de-carthage-le-courrier-de-mechichi-etait-bien-destine-au-president-de-la-republique\/lettre-12\/\" rel=\"attachment wp-att-625512\"><img loading=\"lazy\" decoding=\"async\" class=\"aligncenter size-full wp-image-625512\" src=\"https:\/\/www.tunisienumerique.com\/wp-content\/uploads\/2021\/02\/lettre.jpg\" alt=\"\" width=\"566\" height=\"800\"\/><\/a><\/p>\n<div class=\"swp_social_panel swp_horizontal_panel swp_flat_fresh swp_default_full_color swp_individual_full_color swp_other_full_color scale-100 scale-\" data-min-width=\"1100\" data-float-color=\"#ffffff\" data-float=\"bottom\" data-float-mobile=\"bottom\" data-transition=\"slide\">\n<div class=\"nc_tweetContainer swp_share_button total_shares total_sharesalt\"><span class=\"swp_count\">15 <span class=\"swp_label\">Partages<\/span><\/span><\/div>\n<\/div>\n<p><strong>Que se passe-t-il en Tunisie?<\/strong><br \/>Nous expliquons sur notre <a href=\"https:\/\/www.youtube.com\/channel\/UCRzypVq0B_yBad5eGrwBx0Q?sub_confirmation=1\" target=\"_blank\" rel=\"noopener\">cha\u00eene YouTube<\/a> . <a href=\"https:\/\/www.youtube.com\/channel\/UCRzypVq0B_yBad5eGrwBx0Q?sub_confirmation=1\" target=\"_blank\" rel=\"noopener\">Abonnez-vous!<\/a><\/p>\n<div class=\"mvp-org-wrap mvp-org-logo\" itemprop=\"publisher\"><img decoding=\"async\" src=\"https:\/\/www.tunisienumerique.com\/wp-content\/uploads\/2017\/02\/logo_tunisie_numerique.png\"\/><\/div>\n<div class=\"mvp-related-posts left relative\">\n<h4 class=\"post-header\"><span class=\"post-header\">Lire aussi<\/span><\/h4>\n<\/div>\n<div id=\"article-ad\"><ins class=\"adsbygoogle c5\" data-ad-client=\"ca-pub-2102118777505746\" data-ad-slot=\"6513972734\" data-ad-format=\"auto\" data-full-width-responsive=\"true\"\/> <\/div>\n<\/div>\n<div id=\"post-sidebar-wrap\"><ins class=\"adsbygoogle c5\" data-ad-client=\"ca-pub-2102118777505746\" data-ad-slot=\"6168283410\" data-ad-format=\"auto\" data-full-width-responsive=\"true\"\/> <\/div>\n<p>Auteur: LM<br \/>\n<a href=\"https:\/\/www.tunisienumerique.com\/tunisie-contrairement-aux-allegations-de-carthage-le-courrier-de-mechichi-etait-bien-destine-au-president-de-la-republique\/\">Cliquez ici pour lire l&rsquo;article depuis sa source.<\/a><\/p>\n","protected":false},"excerpt":{"rendered":"<p>Par LM \u00a0| Il y a 40 minutes \ud83d\udd0a \u00c9coutez l&rsquo;article Suite \u00e0 la d\u00e9claration des services de la pr\u00e9sidence de la R\u00e9publique, faisant \u00e9tat du renvoi par Ka\u00efs Sa\u00efed \u00e0 la Kasbah, d\u2019un courrier qui comportait une erreur dans la d\u00e9signation du destinataire, dans la mesure o\u00f9 il \u00e9tait adress\u00e9 au chef du gouvernement [&hellip;]<\/p>\n","protected":false},"author":1789,"featured_media":0,"comment_status":"closed","ping_status":"closed","sticky":false,"template":"","format":"standard","meta":{"fifu_image_url":"https:\/\/secure.gravatar.com\/avatar\/047123be9d5e8513774383916ee72db2?s=50&d=mm&r=g","fifu_image_alt":"Tunisie \u2013 Contrairement aux all\u00e9gations de Carthage le courrier de Mechichi \u00e9tait bien destin\u00e9 au pr\u00e9sident de la R\u00e9publique","footnotes":""},"categories":[73,55],"tags":[],"class_list":["post-110855","post","type-post","status-publish","format-standard","hentry","category-actualite","category-tunisie"],"_links":{"self":[{"href":"https:\/\/linitiative.ca\/International\/wp-json\/wp\/v2\/posts\/110855","targetHints":{"allow":["GET"]}}],"collection":[{"href":"https:\/\/linitiative.ca\/International\/wp-json\/wp\/v2\/posts"}],"about":[{"href":"https:\/\/linitiative.ca\/International\/wp-json\/wp\/v2\/types\/post"}],"author":[{"embeddable":true,"href":"https:\/\/linitiative.ca\/International\/wp-json\/wp\/v2\/users\/1789"}],"replies":[{"embeddable":true,"href":"https:\/\/linitiative.ca\/International\/wp-json\/wp\/v2\/comments?post=110855"}],"version-history":[{"count":0,"href":"https:\/\/linitiative.ca\/International\/wp-json\/wp\/v2\/posts\/110855\/revisions"}],"wp:attachment":[{"href":"https:\/\/linitiative.ca\/International\/wp-json\/wp\/v2\/media?parent=110855"}],"wp:term":[{"taxonomy":"category","embeddable":true,"href":"https:\/\/linitiative.ca\/International\/wp-json\/wp\/v2\/categories?post=110855"},{"taxonomy":"post_tag","embeddable":true,"href":"https:\/\/linitiative.ca\/International\/wp-json\/wp\/v2\/tags?post=110855"}],"curies":[{"name":"wp","href":"https:\/\/api.w.org\/{rel}","templated":true}]}}