{"id":110857,"date":"2021-02-08T16:32:25","date_gmt":"2021-02-08T21:32:25","guid":{"rendered":"https:\/\/linitiative.ca\/International\/tunisie-mechichi-recoit-le-premier-president-de-la-cour-des-comptes\/"},"modified":"2021-02-08T16:32:25","modified_gmt":"2021-02-08T21:32:25","slug":"tunisie-mechichi-recoit-le-premier-president-de-la-cour-des-comptes","status":"publish","type":"post","link":"https:\/\/linitiative.ca\/International\/tunisie-mechichi-recoit-le-premier-president-de-la-cour-des-comptes\/","title":{"rendered":"Tunisie: Mechichi re\u00e7oit le premier pr\u00e9sident de la Cour des comptes"},"content":{"rendered":"<div class=\"post-cont-in left relative\">\n<div id=\"post-info-wrap\" class=\"left relative post-info-out\">\n<div class=\"post-info-img left relative\"><img loading=\"lazy\" decoding=\"async\" alt=\"\" src=\"https:\/\/secure.gravatar.com\/avatar\/ea481d7287ad38ca1787f44b5bb1b70e?s=50&amp;d=mm&amp;r=g\" srcset=\"https:\/\/secure.gravatar.com\/avatar\/ea481d7287ad38ca1787f44b5bb1b70e?s=100&amp;d=mm&amp;r=g 2x\" class=\"avatar avatar-50 photo\" height=\"50\" width=\"50\"\/><\/div>\n<div class=\"post-info-in\">\n<div class=\"post-info-right left relative post-info-name left relative\"><span><span class=\"post-info-text\">Par<\/span> <span class=\"author-name vcard fn author\"><a href=\"https:\/\/www.tunisienumerique.com\/author\/rania-ben-slimane\/\" title=\"Articles par rania ben slimane\" rel=\"author\">rania ben slimane<\/a><\/span><\/span> <span class=\"post-date updated\"><time class=\"post-date updated\" datetime=\"2021-02-08\">\u00a0| Il y a 1 minute<\/time><\/span><\/div>\n<div class=\"left relative\"><button id=\"listenButton1\" class=\"responsivevoice-button\" type=\"button\" value=\"Play\" title=\"&#xC9;coutez l'article\"><span>\ud83d\udd0a \u00c9coutez l&rsquo;article<\/span><\/button> <\/div>\n<\/div>\n<\/div>\n<p>Le Chef du gouvernement, Hichem Mechichi a re\u00e7u aujourd\u2019hui 8 f\u00e9vrier 2021 au palais de la Kasbah, le premier pr\u00e9sident de la Cour des comptes, monsieur Nejib Ktari.<\/p>\n<div class=\"code-block code-block-1 c4\"><ins class=\"adsbygoogle c3\" data-ad-layout=\"in-article\" data-ad-format=\"fluid\" data-ad-client=\"ca-pub-2102118777505746\" data-ad-slot=\"7301775417\"\/> <\/div>\n<p>Lors de cet entretien, Ktari a remis \u00e0 Mechichi le 32<sup>\u00e8me<\/sup> rapport annuel de la Cour, et la synth\u00e8se du\u00a0rapport\u00a0sur la gestion du\u00a0budget de l\u2019\u00c9tat\u00a0en\u00a02018.<\/p>\n<p>De son c\u00f4t\u00e9, Mechichi a soulign\u00e9 l\u2019importance des travaux de la Cour des comptes, appelant \u00e0 prendre les mesures n\u00e9cessaires de correction, de r\u00e9forme, de suivi et de respect des exigences de bonne gouvernance, conform\u00e9ment aux dispositions de la Constitution.<\/p>\n<p>Il a \u00e9galement \u00e9voqu\u00e9 le r\u00f4le central de la Cour des comptes dans l\u2019application du principe de bonne gouvernance et de bonne conduite dans la fonction publique contribuant \u00e0 l\u2019am\u00e9lioration de ses performances, ainsi que dans le suivi et l\u2019\u00e9valuation des performances des institutions publiques et des communaut\u00e9s locales.<\/p>\n<p>Mechichi a, en outre, pr\u00e9cis\u00e9 que la Cour des comptes est l\u2019une des institutions \u00e9tatiques les plus importantes qui se tiennent au premier rang pour lutter contre la corruption et que nul n\u2019est permis \u00e0 s\u2019attribuer ses comp\u00e9tences, quelles qu\u2019en soient les justifications.<\/p>\n<p>Le premier pr\u00e9sident de la Cour des comptes a pass\u00e9 en revue les observations et recommandations contenues dans le rapport en fonction des r\u00e9sultats de 19 missions de contr\u00f4le r\u00e9alis\u00e9es au cours de l\u2019ann\u00e9e judiciaire 2018-2019. Ces missions sont relatives \u00e0 des axes choisis en fonction de l\u2019\u00e9volution r\u00e9cente des politiques publiques, permettant ainsi de rester en phase avec les attentes des autorit\u00e9s publiques et des institutions en relation avec le citoyen et ses pr\u00e9occupations.<\/p>\n<p>Il convient de noter que la publication du 32\u00e8me rapport annuel co\u00efncide avec l\u2019entr\u00e9e en vigueur de la nouvelle Loi fondamentale de la Cour.<\/p>\n<p>Cette loi comprend un certain nombre de dispositions visant notamment \u00e0 renforcer l\u2019ind\u00e9pendance de la cour en tant que l\u2019une des composantes du pouvoir judiciaire et ce en consacrant les fondements d\u2019un proc\u00e8s \u00e9quitable, le d\u00e9veloppement des m\u00e9thodes de contr\u00f4le, la sanction des erreurs de gestion et la contribution aux efforts d\u2019\u00e9valuation des programmes publics d\u2019assistance aux pouvoirs ex\u00e9cutif et l\u00e9gislatif.<\/p>\n<div class=\"swp_social_panel swp_horizontal_panel swp_flat_fresh swp_default_full_color swp_individual_full_color swp_other_full_color scale-100 scale-\" data-min-width=\"1100\" data-float-color=\"#ffffff\" data-float=\"bottom\" data-float-mobile=\"bottom\" data-transition=\"slide\">\n<div class=\"nc_tweetContainer swp_share_button total_shares total_sharesalt\"><span class=\"swp_count\">0 <span class=\"swp_label\">Partages<\/span><\/span><\/div>\n<\/div>\n<p><strong>Que se passe-t-il en Tunisie?<\/strong><br \/>Nous expliquons sur notre <a href=\"https:\/\/www.youtube.com\/channel\/UCRzypVq0B_yBad5eGrwBx0Q?sub_confirmation=1\" target=\"_blank\" rel=\"noopener\">cha\u00eene YouTube<\/a> . <a href=\"https:\/\/www.youtube.com\/channel\/UCRzypVq0B_yBad5eGrwBx0Q?sub_confirmation=1\" target=\"_blank\" rel=\"noopener\">Abonnez-vous!<\/a><\/p>\n<div class=\"mvp-org-wrap mvp-org-logo\" itemprop=\"publisher\"><img decoding=\"async\" src=\"https:\/\/www.tunisienumerique.com\/wp-content\/uploads\/2017\/02\/logo_tunisie_numerique.png\"\/><\/div>\n<div class=\"mvp-related-posts left relative\">\n<h4 class=\"post-header\"><span class=\"post-header\">Lire aussi<\/span><\/h4>\n<\/div>\n<div id=\"article-ad\"><ins class=\"adsbygoogle c5\" data-ad-client=\"ca-pub-2102118777505746\" data-ad-slot=\"6513972734\" data-ad-format=\"auto\" data-full-width-responsive=\"true\"\/> <\/div>\n<\/div>\n<div id=\"post-sidebar-wrap\"><ins class=\"adsbygoogle c5\" data-ad-client=\"ca-pub-2102118777505746\" data-ad-slot=\"6168283410\" data-ad-format=\"auto\" data-full-width-responsive=\"true\"\/> <\/div>\n<p>Auteur: rania ben slimane<br \/>\n<a href=\"https:\/\/www.tunisienumerique.com\/tunisie-mechichi-recoit-le-premier-president-de-la-cour-des-comptes\/\">Cliquez ici pour lire l&rsquo;article depuis sa source.<\/a><\/p>\n","protected":false},"excerpt":{"rendered":"<p>Par rania ben slimane \u00a0| Il y a 1 minute \ud83d\udd0a \u00c9coutez l&rsquo;article Le Chef du gouvernement, Hichem Mechichi a re\u00e7u aujourd\u2019hui 8 f\u00e9vrier 2021 au palais de la Kasbah, le premier pr\u00e9sident de la Cour des comptes, monsieur Nejib Ktari. Lors de cet entretien, Ktari a remis \u00e0 Mechichi le 32\u00e8me rapport annuel de [&hellip;]<\/p>\n","protected":false},"author":1789,"featured_media":0,"comment_status":"closed","ping_status":"closed","sticky":false,"template":"","format":"standard","meta":{"fifu_image_url":"https:\/\/secure.gravatar.com\/avatar\/ea481d7287ad38ca1787f44b5bb1b70e?s=50&d=mm&r=g","fifu_image_alt":"Tunisie: Mechichi re\u00e7oit le premier pr\u00e9sident de la Cour des comptes","footnotes":""},"categories":[73,55],"tags":[],"class_list":["post-110857","post","type-post","status-publish","format-standard","hentry","category-actualite","category-tunisie"],"_links":{"self":[{"href":"https:\/\/linitiative.ca\/International\/wp-json\/wp\/v2\/posts\/110857","targetHints":{"allow":["GET"]}}],"collection":[{"href":"https:\/\/linitiative.ca\/International\/wp-json\/wp\/v2\/posts"}],"about":[{"href":"https:\/\/linitiative.ca\/International\/wp-json\/wp\/v2\/types\/post"}],"author":[{"embeddable":true,"href":"https:\/\/linitiative.ca\/International\/wp-json\/wp\/v2\/users\/1789"}],"replies":[{"embeddable":true,"href":"https:\/\/linitiative.ca\/International\/wp-json\/wp\/v2\/comments?post=110857"}],"version-history":[{"count":0,"href":"https:\/\/linitiative.ca\/International\/wp-json\/wp\/v2\/posts\/110857\/revisions"}],"wp:attachment":[{"href":"https:\/\/linitiative.ca\/International\/wp-json\/wp\/v2\/media?parent=110857"}],"wp:term":[{"taxonomy":"category","embeddable":true,"href":"https:\/\/linitiative.ca\/International\/wp-json\/wp\/v2\/categories?post=110857"},{"taxonomy":"post_tag","embeddable":true,"href":"https:\/\/linitiative.ca\/International\/wp-json\/wp\/v2\/tags?post=110857"}],"curies":[{"name":"wp","href":"https:\/\/api.w.org\/{rel}","templated":true}]}}