{"id":110858,"date":"2021-02-08T16:52:48","date_gmt":"2021-02-08T21:52:48","guid":{"rendered":"https:\/\/linitiative.ca\/International\/tunisie-qui-va-gagner-dans-ce-duel-au-sommet-de-letat\/"},"modified":"2021-02-08T16:52:48","modified_gmt":"2021-02-08T21:52:48","slug":"tunisie-qui-va-gagner-dans-ce-duel-au-sommet-de-letat","status":"publish","type":"post","link":"https:\/\/linitiative.ca\/International\/tunisie-qui-va-gagner-dans-ce-duel-au-sommet-de-letat\/","title":{"rendered":"Tunisie \u2013 Qui va gagner dans ce duel au sommet de l\u2019Etat\u00a0?"},"content":{"rendered":"<div class=\"post-cont-in left relative\">\n<div id=\"post-info-wrap\" class=\"left relative post-info-out\">\n<div class=\"post-info-img left relative\"><img loading=\"lazy\" decoding=\"async\" alt=\"\" src=\"https:\/\/secure.gravatar.com\/avatar\/9f10b5e5a102bf8cc0ebfb84f5ab5652?s=50&amp;d=mm&amp;r=g\" srcset=\"https:\/\/secure.gravatar.com\/avatar\/9f10b5e5a102bf8cc0ebfb84f5ab5652?s=100&amp;d=mm&amp;r=g 2x\" class=\"avatar avatar-50 photo\" height=\"50\" width=\"50\"\/><\/div>\n<div class=\"post-info-in\">\n<div class=\"post-info-right left relative post-info-name left relative\"><span><span class=\"post-info-text\">Par<\/span> <span class=\"author-name vcard fn author\"><a href=\"https:\/\/www.tunisienumerique.com\/author\/ramsis\/\" title=\"Articles par Ramsis\" rel=\"author\">Ramsis<\/a><\/span><\/span> <span class=\"post-date updated\"><time class=\"post-date updated\" datetime=\"2021-02-08\">\u00a0| Il y a 1 minute<\/time><\/span><\/div>\n<div class=\"left relative\"><button id=\"listenButton1\" class=\"responsivevoice-button\" type=\"button\" value=\"Play\" title=\"&#xC9;coutez l'article\"><span>\ud83d\udd0a \u00c9coutez l&rsquo;article<\/span><\/button> <\/div>\n<\/div>\n<\/div>\n<p>Il s\u2019agit, malheureusement, bien, d\u2019un duel, un bras de fer, qui oppose, depuis quelques semaines, les deux t\u00eates de l\u2019ex\u00e9cutif tunisien. Et pendant ce temps, le pays et le citoyen retiennent leur souffle, alors que beaucoup de services de l\u2019Etat sont \u00e0 l\u2019arr\u00eat.<\/p>\n<div class=\"code-block code-block-1 c4\"><ins class=\"adsbygoogle c3\" data-ad-layout=\"in-article\" data-ad-format=\"fluid\" data-ad-client=\"ca-pub-2102118777505746\" data-ad-slot=\"7301775417\"\/> <\/div>\n<p>Ce bras de fer tourne autour de la liste des ministres remerci\u00e9s et remplac\u00e9s par le chef du gouvernement, sachant que ces ministres avaient, au d\u00e9part, \u00e9t\u00e9 choisis par la pr\u00e9sidence de la R\u00e9publique.<\/p>\n<p>Sous la pression de ses soutiens politiques, et surtout, Ennahdha et 9alb Tounes, et devant de nombreuses insuffisances not\u00e9es dans le rendement de ces ministres, Mechichi a pr\u00e9par\u00e9 une liste de onze candidats ministres en remplacement de ceux qui avaient \u00e9t\u00e9 jug\u00e9s d\u00e9faillants.<\/p>\n<p>Ces candidats ont b\u00e9n\u00e9fici\u00e9 de la confiance des repr\u00e9sentants du peuple, et avant de prendre leurs fonctions, ils doivent pr\u00eater serment devant le chef de l\u2019Etat. Et c\u2019\u00e9tait, pr\u00e9cis\u00e9ment, cette mesure qu\u2019attendait Ka\u00efs Sa\u00efed, pour dire son refus de toute cette op\u00e9ration. Il a pr\u00e9text\u00e9 la pr\u00e9sence de quatre ou cinq candidats ministres qui seraient suspect\u00e9s dans des affaires de malversation ou de conflit d\u2019int\u00e9r\u00eats, et a demand\u00e9 de les changer, avant de se r\u00e9tracter, dans un deuxi\u00e8me temps en laissant entendre qu\u2019il exigeait le d\u00e9part de tout le gouvernement.<\/p>\n<p>Et, depuis, c\u2019est le blocage au plus haut sommet de l\u2019Etat, et au niveau de ces onze minist\u00e8res. Et le pr\u00e9sident de la R\u00e9publique ne donne aucun signe de lassitude, alors que le chef du gouvernement devient press\u00e9 de clore ce dossier, \u00e0 cause de la vacance \u00e0 la t\u00eate de ces onze minist\u00e8res, et qui sont du premier ordre.<\/p>\n<p>Et ce bras de fer commence \u00e0 s\u2019\u00e9terniser, et les d\u00e9g\u00e2ts qu\u2019il occasionne sont de plus en plus \u00e9vidents.<\/p>\n<p>Reste \u00e0 savoir qui va gagner\u00a0? Et s\u2019il va, vraiment, y avoir un gagnant, puisque, quelle que soit l\u2019issue que connaitra ce duel, tout le monde en sortira perdant et affaibli, et surtout, l\u2019Etat, qui ne sera pr\u00eat de s\u2019en remettre\u00a0! Sachant que l\u2019enjeu est \u00e9norme, puisque celui qui va l\u00e2cher prise, va, s\u00e9rieusement, entamer ses chances de poursuivre sur la sc\u00e8ne.<\/p>\n<p>Et comme le pr\u00e9sident de la R\u00e9publique campe sur sa position, et refuse tout compromis\u00a0; l\u2019issue du bras de fer sera entre les mains du chef du gouvernement, qui va devoir choisir entre l\u00e2cher prise et pr\u00e9senter la d\u00e9mission de son cabinet. Ou, alors, continuer et op\u00e9rer un passage en force, en s\u2019appuyant sur l\u2019aval du tribunal administratif, et demander \u00e0 ses nouveaux ministres de prendre leurs fonctions nonobstant le v\u00e9to pr\u00e9sidentiel\u00a0!<\/p>\n<div class=\"swp_social_panel swp_horizontal_panel swp_flat_fresh swp_default_full_color swp_individual_full_color swp_other_full_color scale-100 scale-\" data-min-width=\"1100\" data-float-color=\"#ffffff\" data-float=\"bottom\" data-float-mobile=\"bottom\" data-transition=\"slide\">\n<div class=\"nc_tweetContainer swp_share_button total_shares total_sharesalt\"><span class=\"swp_count\">0 <span class=\"swp_label\">Partages<\/span><\/span><\/div>\n<\/div>\n<p><strong>Que se passe-t-il en Tunisie?<\/strong><br \/>Nous expliquons sur notre <a href=\"https:\/\/www.youtube.com\/channel\/UCRzypVq0B_yBad5eGrwBx0Q?sub_confirmation=1\" target=\"_blank\" rel=\"noopener\">cha\u00eene YouTube<\/a> . <a href=\"https:\/\/www.youtube.com\/channel\/UCRzypVq0B_yBad5eGrwBx0Q?sub_confirmation=1\" target=\"_blank\" rel=\"noopener\">Abonnez-vous!<\/a><\/p>\n<div class=\"mvp-org-wrap mvp-org-logo\" itemprop=\"publisher\"><img decoding=\"async\" src=\"https:\/\/www.tunisienumerique.com\/wp-content\/uploads\/2017\/02\/logo_tunisie_numerique.png\"\/><\/div>\n<div class=\"mvp-related-posts left relative\">\n<h4 class=\"post-header\"><span class=\"post-header\">Lire aussi<\/span><\/h4>\n<\/div>\n<div id=\"article-ad\"><ins class=\"adsbygoogle c5\" data-ad-client=\"ca-pub-2102118777505746\" data-ad-slot=\"6513972734\" data-ad-format=\"auto\" data-full-width-responsive=\"true\"\/> <\/div>\n<\/div>\n<div id=\"post-sidebar-wrap\"><ins class=\"adsbygoogle c5\" data-ad-client=\"ca-pub-2102118777505746\" data-ad-slot=\"6168283410\" data-ad-format=\"auto\" data-full-width-responsive=\"true\"\/> <\/div>\n<p>Auteur: Ramsis<br \/>\n<a href=\"https:\/\/www.tunisienumerique.com\/tunisie-qui-va-gagner-dans-ce-duel-au-sommet-de-letat\/\">Cliquez ici pour lire l&rsquo;article depuis sa source.<\/a><\/p>\n","protected":false},"excerpt":{"rendered":"<p>Par Ramsis \u00a0| Il y a 1 minute \ud83d\udd0a \u00c9coutez l&rsquo;article Il s\u2019agit, malheureusement, bien, d\u2019un duel, un bras de fer, qui oppose, depuis quelques semaines, les deux t\u00eates de l\u2019ex\u00e9cutif tunisien. Et pendant ce temps, le pays et le citoyen retiennent leur souffle, alors que beaucoup de services de l\u2019Etat sont \u00e0 l\u2019arr\u00eat. Ce [&hellip;]<\/p>\n","protected":false},"author":1789,"featured_media":0,"comment_status":"closed","ping_status":"closed","sticky":false,"template":"","format":"standard","meta":{"fifu_image_url":"https:\/\/secure.gravatar.com\/avatar\/9f10b5e5a102bf8cc0ebfb84f5ab5652?s=50&d=mm&r=g","fifu_image_alt":"Tunisie \u2013 Qui va gagner dans ce duel au sommet de l\u2019Etat\u00a0?","footnotes":""},"categories":[73,55],"tags":[],"class_list":["post-110858","post","type-post","status-publish","format-standard","hentry","category-actualite","category-tunisie"],"_links":{"self":[{"href":"https:\/\/linitiative.ca\/International\/wp-json\/wp\/v2\/posts\/110858","targetHints":{"allow":["GET"]}}],"collection":[{"href":"https:\/\/linitiative.ca\/International\/wp-json\/wp\/v2\/posts"}],"about":[{"href":"https:\/\/linitiative.ca\/International\/wp-json\/wp\/v2\/types\/post"}],"author":[{"embeddable":true,"href":"https:\/\/linitiative.ca\/International\/wp-json\/wp\/v2\/users\/1789"}],"replies":[{"embeddable":true,"href":"https:\/\/linitiative.ca\/International\/wp-json\/wp\/v2\/comments?post=110858"}],"version-history":[{"count":0,"href":"https:\/\/linitiative.ca\/International\/wp-json\/wp\/v2\/posts\/110858\/revisions"}],"wp:attachment":[{"href":"https:\/\/linitiative.ca\/International\/wp-json\/wp\/v2\/media?parent=110858"}],"wp:term":[{"taxonomy":"category","embeddable":true,"href":"https:\/\/linitiative.ca\/International\/wp-json\/wp\/v2\/categories?post=110858"},{"taxonomy":"post_tag","embeddable":true,"href":"https:\/\/linitiative.ca\/International\/wp-json\/wp\/v2\/tags?post=110858"}],"curies":[{"name":"wp","href":"https:\/\/api.w.org\/{rel}","templated":true}]}}