{"id":110859,"date":"2021-02-08T15:05:52","date_gmt":"2021-02-08T20:05:52","guid":{"rendered":"https:\/\/linitiative.ca\/International\/nouveau-rebondissement-dans-laffaire-floribert-chebeya\/"},"modified":"2021-02-08T15:05:52","modified_gmt":"2021-02-08T20:05:52","slug":"nouveau-rebondissement-dans-laffaire-floribert-chebeya","status":"publish","type":"post","link":"https:\/\/linitiative.ca\/International\/nouveau-rebondissement-dans-laffaire-floribert-chebeya\/","title":{"rendered":"NOUVEAU REBONDISSEMENT DANS L\u2019AFFAIRE FLORIBERT  CHEBEYA"},"content":{"rendered":"<p class=\"c4\"><em>Floribert Chebeya, jadis d\u00e9fenseur intraitable des droits de l\u2019Homme et ex-pr\u00e9sident de l\u2019ONG congolaise La Voix des sans-voix, avait \u00e9t\u00e9 retrouv\u00e9 mort dans sa voiture \u00e0 Kinshasa, dans la nuit du 1<sup>er<\/sup> au 2 juin 2010. Dans les m\u00eames circonstances, son chauffeur et compagnon fid\u00e8le, Fid\u00e8le Bazana, avait subi le m\u00eame sort.\u00a0<\/em> <em>Il est utile de pr\u00e9ciser que quand il se faisait assassiner, Floribert Chebeya \u00e9tait suppos\u00e9 se rendre dans les locaux du quartier g\u00e9n\u00e9ral de la police pour un rendez-vous avec John Numbi, ancien inspecteur g\u00e9n\u00e9ral de la police. On peut alors comprendre pourquoi de graves soup\u00e7ons p\u00e8sent depuis plus de 10 ans sur John Numbi, puisque cet actuel inspecteur des forces arm\u00e9es depuis 2018, \u00e9tait,\u00a0 \u00e0 l\u2019\u00e9poque des faits, patron de la police.\u00a0<\/em> <em>En effet, pour une partie de l\u2019opinion congolaise, John Numbi est pour quelque chose dans ce double assassinat. L\u2019activiste Floribert Chebeya travaillait \u00e0 l\u2019\u00e9poque sur plusieurs dossiers sensibles dont nous retiendrons deux. D\u2019abord, l\u2019affaire des massacres dans la province du Bas-Congo et de l\u2019Equateur, massacres survenus dans les ann\u00e9es 2007-2008, suivis d\u2019une s\u00e9rie d\u2019arrestations arbitraires et de disparitions forc\u00e9es, perp\u00e9tr\u00e9s par le bataillon antiterroriste \u00ab\u00a0Simba\u00a0\u00bb, dont le g\u00e9n\u00e9ral John Numbi \u00e9tait le cr\u00e9ateur. Ensuite, rappelons la campagne men\u00e9e par Floribert Chebeya, pour emp\u00eacher la visite du Roi belge au Congo-Kinshasa, \u00e0 l\u2019occasion du 50<sup>\u00e8me<\/sup> anniversaire de l\u2019ind\u00e9pendance.\u00a0<\/em> <em>Le moins que l\u2019on puisse dire, c\u2019est que l\u2019\u00e9tau est en train de se resserrer fatalement autour de Joseph Kabila et de ses ouailles. Avec l\u2019av\u00e8nement au pouvoir de F\u00e9lix Tshisekedi, les parents de la victime, de m\u00eame que le pr\u00e9sident actuel de La voix des sans-voix, nourrissent l\u2019espoir d\u2019une r\u00e9ouverture d\u2019un proc\u00e8s plus juste sur l\u2019assassinat de Floribert Chebeya.<\/em><\/p>\n<p class=\"c4\"><em>\u00a0<\/em><\/p>\n<p class=\"c6\"><strong><em>Vivement qu\u2019advienne toute la v\u00e9rit\u00e9 et que le proc\u00e8s soit rouvert\u00a0!<\/em><\/strong><\/p>\n<p class=\"c6\"><strong><em>\u00a0<\/em><\/strong><\/p>\n<p class=\"c4\"><em>\u00a0Et ce, au moment o\u00f9 le foss\u00e9 se creuse de jour en jour entre la nouvelle \u00e9quipe dirigeante pr\u00e9sid\u00e9e par F\u00e9lix Tshisekedi et l\u2019ancienne gent de Joseph Kabila. C\u2019est ainsi que le 29 janvier 2021, le Premier ministre Sylvestre Ilunga donnait sa d\u00e9mission au pr\u00e9sident F\u00e9lix Tshisekedi, deux jours apr\u00e8s avoir \u00e9t\u00e9 destitu\u00e9 par l\u2019Assembl\u00e9e nationale. Ce qui porte un coup dur suppl\u00e9mentaire au Front commun pour le Congo (FCC), parti de l\u2019ancien pr\u00e9sident Joseph Kabila. A la faveur de cette s\u00e9paration, certaines langues ont commenc\u00e9 visiblement \u00e0 se d\u00e9lier. Ce qui permettra de tendre vers la v\u00e9rit\u00e9. En saura-t-on enfin davantage sur ce double assassinat dont les commanditaires n\u2019avaient jamais \u00e9t\u00e9 formellement identifi\u00e9s et traduits en justice ?\u00a0<\/em> <em>Floribert Chebeya, ex-pr\u00e9sident de La Voix des sans-voix, musel\u00e9 \u00e0 jamais depuis plus de 10 ans, a-t-il enfin retrouv\u00e9, des profondeurs de sa tombe, des pr\u00eate-bouches qui vont enfin parler pour lui, afin qu\u2019\u00e9merge enfin toute la v\u00e9rit\u00e9 ? Oui, selon toute apparence. Car, deux policiers, Hergile Ilunga et Alain Kayeye, expliquent, de fa\u00e7on d\u00e9taill\u00e9e, comment les deux hommes auraient \u00e9t\u00e9 \u00e9touff\u00e9s avec des sacs en plastique. Vivement qu\u2019advienne toute la v\u00e9rit\u00e9 et que le proc\u00e8s soit rouvert\u00a0! En attendant, on peut affirmer sans risque de se tromper, que nous sommes au d\u00e9but de la fin de l\u2019\u00e8re Kabila.<\/em><\/p>\n<p class=\"c4\"><em>\u00a0<\/em><\/p>\n<p class=\"c6\"><strong><em>Monique NARE<\/em><\/strong><\/p>\n<p class=\"c4\"><em>\u00a0<\/em><\/p>\n<p>Auteur: Le Pays<br \/>\n<a href=\"https:\/\/lepays.bf\/nouveau-rebondissement-dans-laffaire-floribert-chebeya\/\">Cliquez ici pour lire l&rsquo;article depuis sa source.<\/a><\/p>\n","protected":false},"excerpt":{"rendered":"<p>Floribert Chebeya, jadis d\u00e9fenseur intraitable des droits de l\u2019Homme et ex-pr\u00e9sident de l\u2019ONG congolaise La Voix des sans-voix, avait \u00e9t\u00e9 retrouv\u00e9 mort dans sa voiture \u00e0 Kinshasa, dans la nuit du 1er au 2 juin 2010. Dans les m\u00eames circonstances, son chauffeur et compagnon fid\u00e8le, Fid\u00e8le Bazana, avait subi le m\u00eame sort.\u00a0 Il est utile [&hellip;]<\/p>\n","protected":false},"author":1813,"featured_media":0,"comment_status":"closed","ping_status":"closed","sticky":false,"template":"","format":"standard","meta":{"fifu_image_url":"","fifu_image_alt":"","footnotes":""},"categories":[73,81],"tags":[],"class_list":["post-110859","post","type-post","status-publish","format-standard","hentry","category-actualite","category-burkina-faso"],"_links":{"self":[{"href":"https:\/\/linitiative.ca\/International\/wp-json\/wp\/v2\/posts\/110859","targetHints":{"allow":["GET"]}}],"collection":[{"href":"https:\/\/linitiative.ca\/International\/wp-json\/wp\/v2\/posts"}],"about":[{"href":"https:\/\/linitiative.ca\/International\/wp-json\/wp\/v2\/types\/post"}],"author":[{"embeddable":true,"href":"https:\/\/linitiative.ca\/International\/wp-json\/wp\/v2\/users\/1813"}],"replies":[{"embeddable":true,"href":"https:\/\/linitiative.ca\/International\/wp-json\/wp\/v2\/comments?post=110859"}],"version-history":[{"count":0,"href":"https:\/\/linitiative.ca\/International\/wp-json\/wp\/v2\/posts\/110859\/revisions"}],"wp:attachment":[{"href":"https:\/\/linitiative.ca\/International\/wp-json\/wp\/v2\/media?parent=110859"}],"wp:term":[{"taxonomy":"category","embeddable":true,"href":"https:\/\/linitiative.ca\/International\/wp-json\/wp\/v2\/categories?post=110859"},{"taxonomy":"post_tag","embeddable":true,"href":"https:\/\/linitiative.ca\/International\/wp-json\/wp\/v2\/tags?post=110859"}],"curies":[{"name":"wp","href":"https:\/\/api.w.org\/{rel}","templated":true}]}}