{"id":110861,"date":"2021-02-08T14:07:44","date_gmt":"2021-02-08T19:07:44","guid":{"rendered":"https:\/\/linitiative.ca\/International\/sejour-du-president-du-faso-en-belgiqueroch-marc-christian-kabore-sentretient-avec-andre-flahaut\/"},"modified":"2021-02-08T14:07:44","modified_gmt":"2021-02-08T19:07:44","slug":"sejour-du-president-du-faso-en-belgiqueroch-marc-christian-kabore-sentretient-avec-andre-flahaut","status":"publish","type":"post","link":"https:\/\/linitiative.ca\/International\/sejour-du-president-du-faso-en-belgiqueroch-marc-christian-kabore-sentretient-avec-andre-flahaut\/","title":{"rendered":"S\u00e9jour du Pr\u00e9sident du Faso en Belgique:Roch Marc Christian Kabor\u00e9 s\u2019entretient avec Andr\u00e9 Flahaut"},"content":{"rendered":"<div class=\"td-post-featured-image\"><a href=\"https:\/\/www.sidwaya.info\/wp-content\/uploads\/2021\/02\/pfaso09.jpg\" data-caption=\"\"><img loading=\"lazy\" decoding=\"async\" width=\"696\" height=\"464\" class=\"entry-thumb td-modal-image\" src=\"https:\/\/www.sidwaya.info\/wp-content\/uploads\/2021\/02\/pfaso09-696x464.jpg\" srcset=\"https:\/\/www.sidwaya.info\/wp-content\/uploads\/2021\/02\/pfaso09-696x464.jpg 696w, https:\/\/www.sidwaya.info\/wp-content\/uploads\/2021\/02\/pfaso09-300x200.jpg 300w, https:\/\/www.sidwaya.info\/wp-content\/uploads\/2021\/02\/pfaso09-768x512.jpg 768w, https:\/\/www.sidwaya.info\/wp-content\/uploads\/2021\/02\/pfaso09-150x100.jpg 150w, https:\/\/www.sidwaya.info\/wp-content\/uploads\/2021\/02\/pfaso09-630x420.jpg 630w, https:\/\/www.sidwaya.info\/wp-content\/uploads\/2021\/02\/pfaso09.jpg 974w\" sizes=\"auto, (max-width: 696px) 100vw, 696px\" alt=\"\" title=\"pfaso09\"\/><\/a><\/div>\n<p>Le pr\u00e9sident du Faso s\u2019est entretenu hier apr\u00e8s-midi, avec le pr\u00e9sident honoraire du Parlement belge et ministre d\u2019Etat, Andr\u00e9 Flahaut. Roch Marc Christian Kabor\u00e9 s\u2019est f\u00e9licit\u00e9 de l\u2019excellence des relations entre le Burkina Faso et la F\u00e9d\u00e9ration Walonnie-Bruxelles, ainsi qu\u2019avec la Belgique.<\/p>\n<p>La s\u00e9curit\u00e9 au Burkina Faso et dans la sous-r\u00e9gion Ouest-africaine et sah\u00e9lienne, la situation sanitaire li\u00e9e \u00e0 la pand\u00e9mie de la COVID-19 et la coop\u00e9ration au d\u00e9veloppement, ont \u00e9t\u00e9, entre autres, les pr\u00e9occupations \u00e9voqu\u00e9es au cours de l\u2019entretien. \u00abLes probl\u00e9matiques \u00e9conomiques et les probl\u00e9matiques de l\u2019eau ont \u00e9t\u00e9 \u00e9galement des points de rencontres identifi\u00e9s, autour desquels la solidarit\u00e9 internationale doit s\u2019exprimer \u00bb, a indiqu\u00e9 M. Flahaut.<\/p>\n<p>\u00ab Le passage du pr\u00e9sident du Faso ici en Belgique, avec les nombreux contacts qu\u2019il aura avec les ministres, les entit\u00e9s au niveau f\u00e9d\u00e9r\u00e9 et au niveau f\u00e9d\u00e9ral, de m\u00eame qu\u2019avec les responsables de l\u2019Union europ\u00e9enne, sont les meilleures fa\u00e7ons de proc\u00e9der pour poser des jalons de r\u00e9alisations concr\u00e8tes \u00bb, a conclu l\u2019homme politique belge.<\/p>\n<p>Direction de la communication<br \/>de la Pr\u00e9sidence du Faso<\/p>\n<div class=\"td-a-rec td-a-rec-id-content_bottom tdi_33_195 td_block_template_1\"><img loading=\"lazy\" decoding=\"async\" class=\"aligncenter size-full wp-image-27454\" src=\"https:\/\/www.sidwaya.info\/wp-content\/uploads\/2020\/10\/PUB-Bandeau-paiement-mobile-siteweb.jpg\" alt=\"\" width=\"728\" height=\"90\"\/><\/div>\n<p>Auteur: BM. Sidwaya<br \/>\n<a href=\"https:\/\/www.sidwaya.info\/blog\/2021\/02\/08\/sejour-du-president-du-faso-en-belgiqueroch-marc-christian-kabore-sentretient-avec-andre-flahaut\/\">Cliquez ici pour lire l&rsquo;article depuis sa source.<\/a><\/p>\n","protected":false},"excerpt":{"rendered":"<p>Le pr\u00e9sident du Faso s\u2019est entretenu hier apr\u00e8s-midi, avec le pr\u00e9sident honoraire du Parlement belge et ministre d\u2019Etat, Andr\u00e9 Flahaut. Roch Marc Christian Kabor\u00e9 s\u2019est f\u00e9licit\u00e9 de l\u2019excellence des relations entre le Burkina Faso et la F\u00e9d\u00e9ration Walonnie-Bruxelles, ainsi qu\u2019avec la Belgique. La s\u00e9curit\u00e9 au Burkina Faso et dans la sous-r\u00e9gion Ouest-africaine et sah\u00e9lienne, la [&hellip;]<\/p>\n","protected":false},"author":1816,"featured_media":0,"comment_status":"closed","ping_status":"closed","sticky":false,"template":"","format":"standard","meta":{"fifu_image_url":"https:\/\/www.sidwaya.info\/wp-content\/uploads\/2021\/02\/pfaso09-696x464.jpg","fifu_image_alt":"S\u00e9jour du Pr\u00e9sident du Faso en Belgique:Roch Marc Christian Kabor\u00e9 s\u2019entretient avec Andr\u00e9 Flahaut","footnotes":""},"categories":[73,81],"tags":[],"class_list":["post-110861","post","type-post","status-publish","format-standard","hentry","category-actualite","category-burkina-faso"],"_links":{"self":[{"href":"https:\/\/linitiative.ca\/International\/wp-json\/wp\/v2\/posts\/110861","targetHints":{"allow":["GET"]}}],"collection":[{"href":"https:\/\/linitiative.ca\/International\/wp-json\/wp\/v2\/posts"}],"about":[{"href":"https:\/\/linitiative.ca\/International\/wp-json\/wp\/v2\/types\/post"}],"author":[{"embeddable":true,"href":"https:\/\/linitiative.ca\/International\/wp-json\/wp\/v2\/users\/1816"}],"replies":[{"embeddable":true,"href":"https:\/\/linitiative.ca\/International\/wp-json\/wp\/v2\/comments?post=110861"}],"version-history":[{"count":0,"href":"https:\/\/linitiative.ca\/International\/wp-json\/wp\/v2\/posts\/110861\/revisions"}],"wp:attachment":[{"href":"https:\/\/linitiative.ca\/International\/wp-json\/wp\/v2\/media?parent=110861"}],"wp:term":[{"taxonomy":"category","embeddable":true,"href":"https:\/\/linitiative.ca\/International\/wp-json\/wp\/v2\/categories?post=110861"},{"taxonomy":"post_tag","embeddable":true,"href":"https:\/\/linitiative.ca\/International\/wp-json\/wp\/v2\/tags?post=110861"}],"curies":[{"name":"wp","href":"https:\/\/api.w.org\/{rel}","templated":true}]}}