{"id":110862,"date":"2021-02-08T14:14:06","date_gmt":"2021-02-08T19:14:06","guid":{"rendered":"https:\/\/linitiative.ca\/International\/sejour-du-president-du-faso-en-belgique-roch-marc-christian-kabore-echange-avec-elio-di-rupo\/"},"modified":"2021-02-08T14:14:06","modified_gmt":"2021-02-08T19:14:06","slug":"sejour-du-president-du-faso-en-belgique-roch-marc-christian-kabore-echange-avec-elio-di-rupo","status":"publish","type":"post","link":"https:\/\/linitiative.ca\/International\/sejour-du-president-du-faso-en-belgique-roch-marc-christian-kabore-echange-avec-elio-di-rupo\/","title":{"rendered":"S\u00e9jour du Pr\u00e9sident du Faso en Belgique: Roch Marc Christian Kabor\u00e9 \u00e9change avec \u00c9lio Di Rupo"},"content":{"rendered":"<div class=\"td-post-sharing-top td-post-sharing td-ps-bg td-ps-padding td-ps-bar td-post-sharing-style6\">\n<div class=\"td-post-sharing-visible\"><a class=\"td-social-sharing-button td-social-sharing-button-js td-social-network td-social-facebook\" href=\"https:\/\/www.facebook.com\/sharer.php?u=https%3A%2F%2Fwww.sidwaya.info%2Fblog%2F2021%2F02%2F08%2Fsejour-du-president-du-faso-en-belgique-roch-marc-christian-kabore-echange-avec-elio-di-rupo%2F\"\/><\/p>\n<p>Facebook<\/p>\n<p><a class=\"td-social-sharing-button td-social-sharing-button-js td-social-network td-social-twitter\" href=\"https:\/\/twitter.com\/intent\/tweet?text=S%C3%A9jour+du+Pr%C3%A9sident+du+Faso+en+Belgique%3A+Roch+Marc+Christian+Kabor%C3%A9+%C3%A9change+avec+%C3%89lio+Di+Rupo&amp;url=https%3A%2F%2Fwww.sidwaya.info%2Fblog%2F2021%2F02%2F08%2Fsejour-du-president-du-faso-en-belgique-roch-marc-christian-kabore-echange-avec-elio-di-rupo%2F&amp;via=Quotidien+Sidwaya\"\/><\/p>\n<p>Twitter<\/p>\n<p><a class=\"td-social-sharing-button td-social-sharing-button-js td-social-network td-social-pinterest\" href=\"https:\/\/pinterest.com\/pin\/create\/button\/?url=https:\/\/www.sidwaya.info\/blog\/2021\/02\/08\/sejour-du-president-du-faso-en-belgique-roch-marc-christian-kabore-echange-avec-elio-di-rupo\/&amp;media=https:\/\/www.sidwaya.info\/wp-content\/uploads\/2021\/02\/president009.jpg&amp;description=S%C3%A9jour+du+Pr%C3%A9sident+du+Faso+en+Belgique%3A+Roch+Marc+Christian+Kabor%C3%A9+%C3%A9change+avec+%C3%89lio+Di+Rupo\"\/><\/p>\n<p>Pinterest<\/p>\n<p><a class=\"td-social-sharing-button td-social-sharing-button-js td-social-network td-social-whatsapp\" href=\"https:\/\/api.whatsapp.com\/send?text=S%C3%A9jour+du+Pr%C3%A9sident+du+Faso+en+Belgique%3A+Roch+Marc+Christian+Kabor%C3%A9+%C3%A9change+avec+%C3%89lio+Di+Rupo%20%0A%0A%20https:\/\/www.sidwaya.info\/blog\/2021\/02\/08\/sejour-du-president-du-faso-en-belgique-roch-marc-christian-kabore-echange-avec-elio-di-rupo\/\"\/><\/p>\n<p>WhatsApp<\/p>\n<p><a class=\"td-social-sharing-button td-social-sharing-button-js td-social-network td-social-linkedin\" href=\"https:\/\/www.linkedin.com\/shareArticle?mini=true&amp;url=https:\/\/www.sidwaya.info\/blog\/2021\/02\/08\/sejour-du-president-du-faso-en-belgique-roch-marc-christian-kabore-echange-avec-elio-di-rupo\/&amp;title=S%C3%A9jour+du+Pr%C3%A9sident+du+Faso+en+Belgique%3A+Roch+Marc+Christian+Kabor%C3%A9+%C3%A9change+avec+%C3%89lio+Di+Rupo\"\/><\/p>\n<p>Linkedin<\/p>\n<p><a class=\"td-social-sharing-button td-social-sharing-button-js td-social-network td-social-mail\" href=\"mailto:?subject=S%C3%A9jour%20du%20Pr%C3%A9sident%20du%20Faso%20en%20Belgique:%20Roch%20Marc%20Christian%20Kabor%C3%A9%20%C3%A9change%20avec%20%C3%89lio%20Di%20Rupo&amp;body=https:\/\/www.sidwaya.info\/blog\/2021\/02\/08\/sejour-du-president-du-faso-en-belgique-roch-marc-christian-kabore-echange-avec-elio-di-rupo\/\"\/><\/p>\n<p>Email<\/p>\n<p><a class=\"td-social-sharing-button td-social-sharing-button-js td-social-network td-social-print\" href=\"#\"\/><\/p>\n<p>Print<\/p>\n<p><a class=\"td-social-sharing-button td-social-sharing-button-js td-social-network td-social-tumblr\" href=\"https:\/\/www.tumblr.com\/share\/link?url=https:\/\/www.sidwaya.info\/blog\/2021\/02\/08\/sejour-du-president-du-faso-en-belgique-roch-marc-christian-kabore-echange-avec-elio-di-rupo\/&amp;name=S%C3%A9jour%20du%20Pr%C3%A9sident%20du%20Faso%20en%20Belgique:%20Roch%20Marc%20Christian%20Kabor%C3%A9%20%C3%A9change%20avec%20%C3%89lio%20Di%20Rupo\"\/><\/p>\n<p>Tumblr<\/p>\n<p><a class=\"td-social-sharing-button td-social-sharing-button-js td-social-network td-social-telegram\" href=\"https:\/\/telegram.me\/share\/url?url=https:\/\/www.sidwaya.info\/blog\/2021\/02\/08\/sejour-du-president-du-faso-en-belgique-roch-marc-christian-kabore-echange-avec-elio-di-rupo\/&amp;text=S%C3%A9jour+du+Pr%C3%A9sident+du+Faso+en+Belgique%3A+Roch+Marc+Christian+Kabor%C3%A9+%C3%A9change+avec+%C3%89lio+Di+Rupo\"\/><\/p>\n<p>Telegram<\/p>\n<p><a class=\"td-social-sharing-button td-social-sharing-button-js td-social-network td-social-viber\" href=\"viber:\/\/forward?text=S%C3%A9jour+du+Pr%C3%A9sident+du+Faso+en+Belgique%3A+Roch+Marc+Christian+Kabor%C3%A9+%C3%A9change+avec+%C3%89lio+Di+Rupo%20https:\/\/www.sidwaya.info\/blog\/2021\/02\/08\/sejour-du-president-du-faso-en-belgique-roch-marc-christian-kabore-echange-avec-elio-di-rupo\/\"\/><\/p>\n<p>Viber<\/p>\n<p><a class=\"td-social-sharing-button td-social-sharing-button-js td-social-network td-social-naver\" href=\"https:\/\/share.naver.com\/web\/shareView.nhn?url=https:\/\/www.sidwaya.info\/blog\/2021\/02\/08\/sejour-du-president-du-faso-en-belgique-roch-marc-christian-kabore-echange-avec-elio-di-rupo\/&amp;title=S%C3%A9jour+du+Pr%C3%A9sident+du+Faso+en+Belgique%3A+Roch+Marc+Christian+Kabor%C3%A9+%C3%A9change+avec+%C3%89lio+Di+Rupo\"\/><\/p>\n<p>Naver<\/p>\n<\/div>\n<\/div>\n<div class=\"td-post-content tagdiv-type\" readability=\"43\">\n<div class=\"td-post-featured-image\"><a href=\"https:\/\/www.sidwaya.info\/wp-content\/uploads\/2021\/02\/president009.jpg\" data-caption=\"\"><img loading=\"lazy\" decoding=\"async\" width=\"696\" height=\"763\" class=\"entry-thumb td-modal-image\" src=\"https:\/\/www.sidwaya.info\/wp-content\/uploads\/2021\/02\/president009-696x763.jpg\" srcset=\"https:\/\/www.sidwaya.info\/wp-content\/uploads\/2021\/02\/president009-696x763.jpg 696w, https:\/\/www.sidwaya.info\/wp-content\/uploads\/2021\/02\/president009-274x300.jpg 274w, https:\/\/www.sidwaya.info\/wp-content\/uploads\/2021\/02\/president009-934x1024.jpg 934w, https:\/\/www.sidwaya.info\/wp-content\/uploads\/2021\/02\/president009-768x842.jpg 768w, https:\/\/www.sidwaya.info\/wp-content\/uploads\/2021\/02\/president009-150x164.jpg 150w, https:\/\/www.sidwaya.info\/wp-content\/uploads\/2021\/02\/president009-300x329.jpg 300w, https:\/\/www.sidwaya.info\/wp-content\/uploads\/2021\/02\/president009-383x420.jpg 383w, https:\/\/www.sidwaya.info\/wp-content\/uploads\/2021\/02\/president009.jpg 974w\" sizes=\"auto, (max-width: 696px) 100vw, 696px\" alt=\"\" title=\"president009\"\/><\/a><\/div>\n<p>Au premier jour de sa visite officielle en Belgique, le pr\u00e9sident du Faso a eu une s\u00e9ance de travail hier 8 f\u00e9vrier 2021 avec le Ministre-pr\u00e9sident de Wallonie, \u00c9lio Di Rupo.<br \/>Roch Marc Christian Kabor\u00e9 et son h\u00f4te ont \u00e9voqu\u00e9, au cours des \u00e9changes, la situation s\u00e9curitaire au Burkina Faso et son impact socio-\u00e9conomique, notamment sur la mise en \u0153uvre des activit\u00e9s de d\u00e9veloppement. Les deux pays partagent les m\u00eames pr\u00e9occupations en ce qui concerne la pand\u00e9mie de la COVID-19 et son impact sur les \u00e9conomies a \u00e9t\u00e9 au centre de l\u2019entretien.<br \/>Alors que le pr\u00e9sident du Faso entame un nouveau mandat de cinq ans \u00e0 la t\u00eate de son pays, les perspectives de renforcement de la coop\u00e9ration ont \u00e9t\u00e9 \u00e9galement envisag\u00e9es.<\/p>\n<p>Direction de la communication<br \/>de la pr\u00e9sidence du Faso<\/p>\n<div class=\"td-a-rec td-a-rec-id-content_bottom tdi_33_edb td_block_template_1\"><img loading=\"lazy\" decoding=\"async\" class=\"aligncenter size-full wp-image-27454\" src=\"https:\/\/www.sidwaya.info\/wp-content\/uploads\/2020\/10\/PUB-Bandeau-paiement-mobile-siteweb.jpg\" alt=\"\" width=\"728\" height=\"90\"\/><\/div>\n<\/div>\n<footer>\n<div class=\"td-post-sharing-bottom\">\n<p><iframe frameborder=\"0\" src=\"https:\/\/www.facebook.com\/plugins\/like.php?href=https:\/\/www.sidwaya.info\/blog\/2021\/02\/08\/sejour-du-president-du-faso-en-belgique-roch-marc-christian-kabore-echange-avec-elio-di-rupo\/&amp;layout=button_count&amp;show_faces=false&amp;width=105&amp;action=like&amp;colorscheme=light&amp;height=21\" class=\"c1\">[embedded content]<\/iframe><\/p>\n<div id=\"td_social_sharing_article_bottom\" class=\"td-post-sharing td-ps-bg td-ps-padding td-post-sharing-style7\">\n<div class=\"td-post-sharing-visible\"><a class=\"td-social-sharing-button td-social-sharing-button-js td-social-network td-social-facebook\" href=\"https:\/\/www.facebook.com\/sharer.php?u=https%3A%2F%2Fwww.sidwaya.info%2Fblog%2F2021%2F02%2F08%2Fsejour-du-president-du-faso-en-belgique-roch-marc-christian-kabore-echange-avec-elio-di-rupo%2F\"\/><\/p>\n<p>Facebook<\/p>\n<p><a class=\"td-social-sharing-button td-social-sharing-button-js td-social-network td-social-twitter\" href=\"https:\/\/twitter.com\/intent\/tweet?text=S%C3%A9jour+du+Pr%C3%A9sident+du+Faso+en+Belgique%3A+Roch+Marc+Christian+Kabor%C3%A9+%C3%A9change+avec+%C3%89lio+Di+Rupo&amp;url=https%3A%2F%2Fwww.sidwaya.info%2Fblog%2F2021%2F02%2F08%2Fsejour-du-president-du-faso-en-belgique-roch-marc-christian-kabore-echange-avec-elio-di-rupo%2F&amp;via=Quotidien+Sidwaya\"\/><\/p>\n<p>Twitter<\/p>\n<p><a class=\"td-social-sharing-button td-social-sharing-button-js td-social-network td-social-pinterest\" href=\"https:\/\/pinterest.com\/pin\/create\/button\/?url=https:\/\/www.sidwaya.info\/blog\/2021\/02\/08\/sejour-du-president-du-faso-en-belgique-roch-marc-christian-kabore-echange-avec-elio-di-rupo\/&amp;media=https:\/\/www.sidwaya.info\/wp-content\/uploads\/2021\/02\/president009.jpg&amp;description=S%C3%A9jour+du+Pr%C3%A9sident+du+Faso+en+Belgique%3A+Roch+Marc+Christian+Kabor%C3%A9+%C3%A9change+avec+%C3%89lio+Di+Rupo\"\/><\/p>\n<p>Pinterest<\/p>\n<p><a class=\"td-social-sharing-button td-social-sharing-button-js td-social-network td-social-whatsapp\" href=\"https:\/\/api.whatsapp.com\/send?text=S%C3%A9jour+du+Pr%C3%A9sident+du+Faso+en+Belgique%3A+Roch+Marc+Christian+Kabor%C3%A9+%C3%A9change+avec+%C3%89lio+Di+Rupo%20%0A%0A%20https:\/\/www.sidwaya.info\/blog\/2021\/02\/08\/sejour-du-president-du-faso-en-belgique-roch-marc-christian-kabore-echange-avec-elio-di-rupo\/\"\/><\/p>\n<p>WhatsApp<\/p>\n<p><a class=\"td-social-sharing-button td-social-sharing-button-js td-social-network td-social-linkedin\" href=\"https:\/\/www.linkedin.com\/shareArticle?mini=true&amp;url=https:\/\/www.sidwaya.info\/blog\/2021\/02\/08\/sejour-du-president-du-faso-en-belgique-roch-marc-christian-kabore-echange-avec-elio-di-rupo\/&amp;title=S%C3%A9jour+du+Pr%C3%A9sident+du+Faso+en+Belgique%3A+Roch+Marc+Christian+Kabor%C3%A9+%C3%A9change+avec+%C3%89lio+Di+Rupo\"\/><\/p>\n<p>Linkedin<\/p>\n<p><a class=\"td-social-sharing-button td-social-sharing-button-js td-social-network td-social-mail\" href=\"mailto:?subject=S%C3%A9jour%20du%20Pr%C3%A9sident%20du%20Faso%20en%20Belgique:%20Roch%20Marc%20Christian%20Kabor%C3%A9%20%C3%A9change%20avec%20%C3%89lio%20Di%20Rupo&amp;body=https:\/\/www.sidwaya.info\/blog\/2021\/02\/08\/sejour-du-president-du-faso-en-belgique-roch-marc-christian-kabore-echange-avec-elio-di-rupo\/\"\/><\/p>\n<p>Email<\/p>\n<p><a class=\"td-social-sharing-button td-social-sharing-button-js td-social-network td-social-print\" href=\"#\"\/><\/p>\n<p>Print<\/p>\n<p><a class=\"td-social-sharing-button td-social-sharing-button-js td-social-network td-social-tumblr\" href=\"https:\/\/www.tumblr.com\/share\/link?url=https:\/\/www.sidwaya.info\/blog\/2021\/02\/08\/sejour-du-president-du-faso-en-belgique-roch-marc-christian-kabore-echange-avec-elio-di-rupo\/&amp;name=S%C3%A9jour%20du%20Pr%C3%A9sident%20du%20Faso%20en%20Belgique:%20Roch%20Marc%20Christian%20Kabor%C3%A9%20%C3%A9change%20avec%20%C3%89lio%20Di%20Rupo\"\/><\/p>\n<p>Tumblr<\/p>\n<p><a class=\"td-social-sharing-button td-social-sharing-button-js td-social-network td-social-telegram\" href=\"https:\/\/telegram.me\/share\/url?url=https:\/\/www.sidwaya.info\/blog\/2021\/02\/08\/sejour-du-president-du-faso-en-belgique-roch-marc-christian-kabore-echange-avec-elio-di-rupo\/&amp;text=S%C3%A9jour+du+Pr%C3%A9sident+du+Faso+en+Belgique%3A+Roch+Marc+Christian+Kabor%C3%A9+%C3%A9change+avec+%C3%89lio+Di+Rupo\"\/><\/p>\n<p>Telegram<\/p>\n<p><a class=\"td-social-sharing-button td-social-sharing-button-js td-social-network td-social-viber\" href=\"viber:\/\/forward?text=S%C3%A9jour+du+Pr%C3%A9sident+du+Faso+en+Belgique%3A+Roch+Marc+Christian+Kabor%C3%A9+%C3%A9change+avec+%C3%89lio+Di+Rupo%20https:\/\/www.sidwaya.info\/blog\/2021\/02\/08\/sejour-du-president-du-faso-en-belgique-roch-marc-christian-kabore-echange-avec-elio-di-rupo\/\"\/><\/p>\n<p>Viber<\/p>\n<p><a class=\"td-social-sharing-button td-social-sharing-button-js td-social-network td-social-naver\" href=\"https:\/\/share.naver.com\/web\/shareView.nhn?url=https:\/\/www.sidwaya.info\/blog\/2021\/02\/08\/sejour-du-president-du-faso-en-belgique-roch-marc-christian-kabore-echange-avec-elio-di-rupo\/&amp;title=S%C3%A9jour+du+Pr%C3%A9sident+du+Faso+en+Belgique%3A+Roch+Marc+Christian+Kabor%C3%A9+%C3%A9change+avec+%C3%89lio+Di+Rupo\"\/><\/p>\n<p>Naver<\/p>\n<\/div>\n<\/div>\n<\/div>\n<div class=\"td-block-row td-post-next-prev\">\n<div class=\"td-block-span6 td-post-prev-post td-post-next-prev-content\"><span>Article pr\u00e9c\u00e9dent<\/span><a href=\"https:\/\/www.sidwaya.info\/blog\/2021\/02\/08\/sejour-du-president-du-faso-en-belgiqueroch-marc-christian-kabore-sentretient-avec-andre-flahaut\/\">S\u00e9jour du Pr\u00e9sident du Faso en Belgique:Roch Marc Christian Kabor\u00e9 s\u2019entretient avec Andr\u00e9 Flahaut<\/a><\/div>\n<div class=\"td-block-span6 td-post-next-post td-post-next-prev-content\"><span>Article suivant<\/span><a href=\"https:\/\/www.sidwaya.info\/blog\/2021\/02\/08\/groupe-de-recherche-action-en-sante-les-encouragements-de-la-ministre-de-la-recherche-scientifique\/\">Groupe de recherche action en sant\u00e9: les encouragements de la ministre de la Recherche scientifique<\/a><\/div>\n<\/div>\n<\/footer>\n<p>Auteur: BM. Sidwaya<br \/>\n<a href=\"https:\/\/www.sidwaya.info\/blog\/2021\/02\/08\/sejour-du-president-du-faso-en-belgique-roch-marc-christian-kabore-echange-avec-elio-di-rupo\/\">Cliquez ici pour lire l&rsquo;article depuis sa source.<\/a><\/p>\n","protected":false},"excerpt":{"rendered":"<p>Facebook Twitter Pinterest WhatsApp Linkedin Email Print Tumblr Telegram Viber Naver Au premier jour de sa visite officielle en Belgique, le pr\u00e9sident du Faso a eu une s\u00e9ance de travail hier 8 f\u00e9vrier 2021 avec le Ministre-pr\u00e9sident de Wallonie, \u00c9lio Di Rupo.Roch Marc Christian Kabor\u00e9 et son h\u00f4te ont \u00e9voqu\u00e9, au cours des \u00e9changes, la [&hellip;]<\/p>\n","protected":false},"author":1816,"featured_media":0,"comment_status":"closed","ping_status":"closed","sticky":false,"template":"","format":"standard","meta":{"fifu_image_url":"https:\/\/www.sidwaya.info\/wp-content\/uploads\/2021\/02\/president009-696x763.jpg","fifu_image_alt":"S\u00e9jour du Pr\u00e9sident du Faso en Belgique: Roch Marc Christian Kabor\u00e9 \u00e9change avec \u00c9lio Di Rupo","footnotes":""},"categories":[73,81],"tags":[],"class_list":["post-110862","post","type-post","status-publish","format-standard","hentry","category-actualite","category-burkina-faso"],"_links":{"self":[{"href":"https:\/\/linitiative.ca\/International\/wp-json\/wp\/v2\/posts\/110862","targetHints":{"allow":["GET"]}}],"collection":[{"href":"https:\/\/linitiative.ca\/International\/wp-json\/wp\/v2\/posts"}],"about":[{"href":"https:\/\/linitiative.ca\/International\/wp-json\/wp\/v2\/types\/post"}],"author":[{"embeddable":true,"href":"https:\/\/linitiative.ca\/International\/wp-json\/wp\/v2\/users\/1816"}],"replies":[{"embeddable":true,"href":"https:\/\/linitiative.ca\/International\/wp-json\/wp\/v2\/comments?post=110862"}],"version-history":[{"count":0,"href":"https:\/\/linitiative.ca\/International\/wp-json\/wp\/v2\/posts\/110862\/revisions"}],"wp:attachment":[{"href":"https:\/\/linitiative.ca\/International\/wp-json\/wp\/v2\/media?parent=110862"}],"wp:term":[{"taxonomy":"category","embeddable":true,"href":"https:\/\/linitiative.ca\/International\/wp-json\/wp\/v2\/categories?post=110862"},{"taxonomy":"post_tag","embeddable":true,"href":"https:\/\/linitiative.ca\/International\/wp-json\/wp\/v2\/tags?post=110862"}],"curies":[{"name":"wp","href":"https:\/\/api.w.org\/{rel}","templated":true}]}}