{"id":110866,"date":"2021-02-08T11:18:02","date_gmt":"2021-02-08T16:18:02","guid":{"rendered":"https:\/\/linitiative.ca\/International\/elections-une-mission-de-lonu-au-benin-et-au-niger\/"},"modified":"2021-02-08T11:18:02","modified_gmt":"2021-02-08T16:18:02","slug":"elections-une-mission-de-lonu-au-benin-et-au-niger","status":"publish","type":"post","link":"https:\/\/linitiative.ca\/International\/elections-une-mission-de-lonu-au-benin-et-au-niger\/","title":{"rendered":"Elections : une mission de l\u2019ONU au B\u00e9nin et au Niger"},"content":{"rendered":"<div readability=\"32\">\n<p>Publi\u00e9 le 08.02.2021 \u00e0 17h18 par APA News<\/p>\n<\/div>\n<div readability=\"57\">\n<p>En pr\u00e9lude aux \u00e9lections pr\u00e9sidentielles au B\u00e9nin et au Niger, le Repr\u00e9sentant sp\u00e9cial des Nations unies pour l\u2019Afrique de l\u2019Ouest et le Sahel, effectue une visite dans ces pays. \u00ab Le Repr\u00e9sentant sp\u00e9cial du Secr\u00e9taire g\u00e9n\u00e9ral et Chef du Bureau des Nations Unies pour l\u2019Afrique de l\u2019Ouest et le Sahel (UNOWAS), Mohamed Ibn Chambas, est au B\u00e9nin jusqu\u2019au 10 f\u00e9vrier. Il se rendra ensuite au Niger du 11 au 14 f\u00e9vrier \u00bb, rapporte un communiqu\u00e9 de presse re\u00e7u, lundi \u00e0 APA.<\/p>\n<p>Les deux visites font partie des activit\u00e9s r\u00e9guli\u00e8res que m\u00e8ne UNOWAS pour soutenir et encourager les pays de la sous-r\u00e9gion dans leurs efforts pour organiser des \u00e9lections pr\u00e9sidentielles apais\u00e9es, inclusives et transparentes.<\/p>\n<p>\u00ab Durant sa mission, le Repr\u00e9sentant sp\u00e9cial pour l\u2019Afrique de l\u2019Ouest et le Sahel, rencontrera les parties prenantes nationales impliqu\u00e9es dans la tenue de l\u2019\u00e9lection pr\u00e9sidentielle au Benin, le 11 avril 2021, et du second tour du scrutin pr\u00e9sidentiel au Niger, pr\u00e9vu le 21 f\u00e9vrier prochain \u00bb, conclut le texte.<\/p>\n<\/div>\n<p>Auteur: APA News<br \/>\n<a href=\"https:\/\/www.journalducameroun.com\/elections-une-mission-de-lonu-au-benin-et-au-niger\/\">Cliquez ici pour lire l&rsquo;article depuis sa source.<\/a><\/p>\n","protected":false},"excerpt":{"rendered":"<p>Publi\u00e9 le 08.02.2021 \u00e0 17h18 par APA News En pr\u00e9lude aux \u00e9lections pr\u00e9sidentielles au B\u00e9nin et au Niger, le Repr\u00e9sentant sp\u00e9cial des Nations unies pour l\u2019Afrique de l\u2019Ouest et le Sahel, effectue une visite dans ces pays. \u00ab Le Repr\u00e9sentant sp\u00e9cial du Secr\u00e9taire g\u00e9n\u00e9ral et Chef du Bureau des Nations Unies pour l\u2019Afrique de l\u2019Ouest [&hellip;]<\/p>\n","protected":false},"author":1965,"featured_media":0,"comment_status":"closed","ping_status":"closed","sticky":false,"template":"","format":"standard","meta":{"fifu_image_url":"","fifu_image_alt":"","footnotes":""},"categories":[73,82],"tags":[],"class_list":["post-110866","post","type-post","status-publish","format-standard","hentry","category-actualite","category-cameroun"],"_links":{"self":[{"href":"https:\/\/linitiative.ca\/International\/wp-json\/wp\/v2\/posts\/110866","targetHints":{"allow":["GET"]}}],"collection":[{"href":"https:\/\/linitiative.ca\/International\/wp-json\/wp\/v2\/posts"}],"about":[{"href":"https:\/\/linitiative.ca\/International\/wp-json\/wp\/v2\/types\/post"}],"author":[{"embeddable":true,"href":"https:\/\/linitiative.ca\/International\/wp-json\/wp\/v2\/users\/1965"}],"replies":[{"embeddable":true,"href":"https:\/\/linitiative.ca\/International\/wp-json\/wp\/v2\/comments?post=110866"}],"version-history":[{"count":0,"href":"https:\/\/linitiative.ca\/International\/wp-json\/wp\/v2\/posts\/110866\/revisions"}],"wp:attachment":[{"href":"https:\/\/linitiative.ca\/International\/wp-json\/wp\/v2\/media?parent=110866"}],"wp:term":[{"taxonomy":"category","embeddable":true,"href":"https:\/\/linitiative.ca\/International\/wp-json\/wp\/v2\/categories?post=110866"},{"taxonomy":"post_tag","embeddable":true,"href":"https:\/\/linitiative.ca\/International\/wp-json\/wp\/v2\/tags?post=110866"}],"curies":[{"name":"wp","href":"https:\/\/api.w.org\/{rel}","templated":true}]}}