{"id":110867,"date":"2021-02-08T13:18:02","date_gmt":"2021-02-08T18:18:02","guid":{"rendered":"https:\/\/linitiative.ca\/International\/cote-divoire-ouattara-est-une-solution-pour-nous-dircab-ble-goude\/"},"modified":"2021-02-08T13:18:02","modified_gmt":"2021-02-08T18:18:02","slug":"cote-divoire-ouattara-est-une-solution-pour-nous-dircab-ble-goude","status":"publish","type":"post","link":"https:\/\/linitiative.ca\/International\/cote-divoire-ouattara-est-une-solution-pour-nous-dircab-ble-goude\/","title":{"rendered":"C\u00f4te d\u2019Ivoire: \u00abOuattara est une solution pour nous\u00bb (Dircab Bl\u00e9 Goud\u00e9)"},"content":{"rendered":"<div readability=\"32\">\n<p>Publi\u00e9 le 08.02.2021 \u00e0 19h18 par APA News<\/p>\n<\/div>\n<div readability=\"82\">\n<p>Youssouf Diaby, le directeur de cabinet de Charles Bl\u00e9 Goud\u00e9, le pr\u00e9sident du Congr\u00e8s panafricain pour la justice et l\u2019\u00e9galit\u00e9 des peuples (COJEP), un parti de l\u2019opposition ivoirienne proche de M. Gbagbo, a estim\u00e9 que le pr\u00e9sident ivoirien Alassane Ouattara \u00ab n\u2019est pas le probl\u00e8me \u00bb, mais plut\u00f4t \u00ab une solution pour nous \u00bb.\u00a0<\/p>\n<p>Selon une note d\u2019information transmise lundi \u00e0 APA, M. Diaby a fait cette d\u00e9claration lors d\u2019un entretien avec Mariatou Kon\u00e9, la ministre ivoirienne de la Solidarit\u00e9, de la coh\u00e9sion sociale et de la lutte contre pauvret\u00e9 qui l\u2019a re\u00e7u en audience \u00e0 Boundiali dans l\u2019extr\u00eame Nord ivoirien. \u00a0<\/p>\n<p>\u00ab Dix ans hors du pays, nous avons compris que le Pr\u00e9sident Alassane Ouattara n\u2019est pas le probl\u00e8me. Ouattara est une solution pour nous. Sinc\u00e8rement, nous reconnaissons que le Pr\u00e9sident travaille. Il ne faut pas se le cacher. Tout le pays est en chantier \u00bb, a reconnu le directeur de cabinet de Charles Bl\u00e9 Goud\u00e9.\u00a0<\/p>\n<p>Poursuivant, M. Diaby a indiqu\u00e9 que \u00a0\u00ab nous sommes venus nous confier \u00e0 elle ( Mariatou Kon\u00e9) et lui dire que nous sommes engag\u00e9s \u00e0 contribuer sans renier notre appartenance politique \u00e0 la consolidation de la paix en C\u00f4te d\u2019Ivoire\u00bb.\u00a0<\/p>\n<p>Par ailleurs, le directeur de cabinet de M. Bl\u00e9 Goud\u00e9 qui a estim\u00e9 que le temps de la bellig\u00e9rance est termin\u00e9e, a assur\u00e9 que \u00a0\u00abnous sommes venus apporter notre modeste contribution dans la reconstruction de notre pays\u00bb. En retour, la ministre Mariatou Kon\u00e9 a soutenu \u00e0 son tour, que \u00a0\u00ab le pays a besoin de tous ses enfants \u00bb.\u00a0<\/p>\n<p>\u00a0\u00ab Merci d\u2019avoir r\u00e9pondu \u00e0 l\u2019appel du Pr\u00e9sident de la R\u00e9publique SEM Alassane Ouattara. Merci d\u2019avoir saisi la main tendue du Pr\u00e9sident. Il y a eu beaucoup de rumeurs. Vous \u00eates venus et vous constatez qu\u2019il n\u2019y a rien. Tout va bien. Chacun \u00e0 sa place dans la construction du pays\u00bb, a assur\u00e9 \u00e0 son h\u00f4te, Mme Kon\u00e9.\u00a0<\/p>\n<p>Acquitt\u00e9 depuis 2019 par la Cour p\u00e9nale internationale ( CPI) de crimes contre l\u2019humanit\u00e9 commis pendant la crise post-\u00e9lectorale ivoirienne de 2010-2011, M. Bl\u00e9 est en libert\u00e9 conditionnelle aux Pays-Bas en attente de la fin de la proc\u00e9dure \u00e0 son encontre.\u00a0<\/p>\n<\/div>\n<p>Auteur: APA News<br \/>\n<a href=\"https:\/\/www.journalducameroun.com\/cote-divoire-ouattara-est-une-solution-pour-nous-dircab-ble-goude\/\">Cliquez ici pour lire l&rsquo;article depuis sa source.<\/a><\/p>\n","protected":false},"excerpt":{"rendered":"<p>Publi\u00e9 le 08.02.2021 \u00e0 19h18 par APA News Youssouf Diaby, le directeur de cabinet de Charles Bl\u00e9 Goud\u00e9, le pr\u00e9sident du Congr\u00e8s panafricain pour la justice et l\u2019\u00e9galit\u00e9 des peuples (COJEP), un parti de l\u2019opposition ivoirienne proche de M. Gbagbo, a estim\u00e9 que le pr\u00e9sident ivoirien Alassane Ouattara \u00ab n\u2019est pas le probl\u00e8me \u00bb, mais [&hellip;]<\/p>\n","protected":false},"author":1965,"featured_media":0,"comment_status":"closed","ping_status":"closed","sticky":false,"template":"","format":"standard","meta":{"fifu_image_url":"","fifu_image_alt":"","footnotes":""},"categories":[73,82],"tags":[],"class_list":["post-110867","post","type-post","status-publish","format-standard","hentry","category-actualite","category-cameroun"],"_links":{"self":[{"href":"https:\/\/linitiative.ca\/International\/wp-json\/wp\/v2\/posts\/110867","targetHints":{"allow":["GET"]}}],"collection":[{"href":"https:\/\/linitiative.ca\/International\/wp-json\/wp\/v2\/posts"}],"about":[{"href":"https:\/\/linitiative.ca\/International\/wp-json\/wp\/v2\/types\/post"}],"author":[{"embeddable":true,"href":"https:\/\/linitiative.ca\/International\/wp-json\/wp\/v2\/users\/1965"}],"replies":[{"embeddable":true,"href":"https:\/\/linitiative.ca\/International\/wp-json\/wp\/v2\/comments?post=110867"}],"version-history":[{"count":0,"href":"https:\/\/linitiative.ca\/International\/wp-json\/wp\/v2\/posts\/110867\/revisions"}],"wp:attachment":[{"href":"https:\/\/linitiative.ca\/International\/wp-json\/wp\/v2\/media?parent=110867"}],"wp:term":[{"taxonomy":"category","embeddable":true,"href":"https:\/\/linitiative.ca\/International\/wp-json\/wp\/v2\/categories?post=110867"},{"taxonomy":"post_tag","embeddable":true,"href":"https:\/\/linitiative.ca\/International\/wp-json\/wp\/v2\/tags?post=110867"}],"curies":[{"name":"wp","href":"https:\/\/api.w.org\/{rel}","templated":true}]}}