{"id":110868,"date":"2021-02-08T18:04:14","date_gmt":"2021-02-08T23:04:14","guid":{"rendered":"https:\/\/linitiative.ca\/International\/covid-19-la-cote-divoire-commence-la-semaine-avec-3-nouveaux-deces\/"},"modified":"2021-02-08T18:04:14","modified_gmt":"2021-02-08T23:04:14","slug":"covid-19-la-cote-divoire-commence-la-semaine-avec-3-nouveaux-deces","status":"publish","type":"post","link":"https:\/\/linitiative.ca\/International\/covid-19-la-cote-divoire-commence-la-semaine-avec-3-nouveaux-deces\/","title":{"rendered":"Covid-19: la C\u00f4te d\u2019Ivoire commence la semaine avec 3 nouveaux d\u00e9c\u00e8s"},"content":{"rendered":"<div readability=\"32\">\n<p>Publi\u00e9 le 09.02.2021 \u00e0 00h18 par APA News<\/p>\n<\/div>\n<div readability=\"57\">\n<p>La C\u00f4te d\u2019Ivoire qui fait face depuis quelques semaines \u00e0 une recrudescence de cas de Covid-19, a enregistr\u00e9 lundi 142 nouveaux cas, 205 personnes gu\u00e9ries et 03 d\u00e9c\u00e8s, a appris APA de source officielle.\u00a0<\/p>\n<p>\u00ab Le Minist\u00e8re de la Sant\u00e9 et de l\u2019hygi\u00e8ne publique a enregistr\u00e9 ce lundi 8 f\u00e9vrier 2021, 142 nouveaux cas de Covid-19 sur 1 845 \u00e9chantillons pr\u00e9lev\u00e9s soit 7,7 % de cas positifs, 205 gu\u00e9ris et 3 d\u00e9c\u00e8s \u00bb, indique un communiqu\u00e9 de ce d\u00e9partement minist\u00e9riel transmis \u00e0 APA.\u00a0<\/p>\n<p>Ainsi \u00e0 la date du 8 f\u00e9vrier 2021, la C\u00f4te d\u2019Ivoire compte donc 29 967 cas confirm\u00e9s dont 28 186 personnes gu\u00e9ries, 165 d\u00e9c\u00e8s et 1616 cas actifs.<\/p>\n<p>\u00a0Pour ce faire, le ministre de la Sant\u00e9 et de l\u2019hygi\u00e8ne Publique, Eug\u00e8ne Aka Aou\u00e9l\u00e9, a rappel\u00e9 \u00e0 toute la population la n\u00e9cessit\u00e9 du \u00a0port de masque dans les lieux publics et les transports en commun pour stopper la transmission du virus.<\/p>\n<\/div>\n<p>Auteur: APA News<br \/>\n<a href=\"https:\/\/www.journalducameroun.com\/covid-19-la-cote-divoire-commence-la-semaine-avec-3-nouveaux-deces\/\">Cliquez ici pour lire l&rsquo;article depuis sa source.<\/a><\/p>\n","protected":false},"excerpt":{"rendered":"<p>Publi\u00e9 le 09.02.2021 \u00e0 00h18 par APA News La C\u00f4te d\u2019Ivoire qui fait face depuis quelques semaines \u00e0 une recrudescence de cas de Covid-19, a enregistr\u00e9 lundi 142 nouveaux cas, 205 personnes gu\u00e9ries et 03 d\u00e9c\u00e8s, a appris APA de source officielle.\u00a0 \u00ab Le Minist\u00e8re de la Sant\u00e9 et de l\u2019hygi\u00e8ne publique a enregistr\u00e9 ce [&hellip;]<\/p>\n","protected":false},"author":1965,"featured_media":0,"comment_status":"closed","ping_status":"closed","sticky":false,"template":"","format":"standard","meta":{"fifu_image_url":"","fifu_image_alt":"","footnotes":""},"categories":[73,82],"tags":[],"class_list":["post-110868","post","type-post","status-publish","format-standard","hentry","category-actualite","category-cameroun"],"_links":{"self":[{"href":"https:\/\/linitiative.ca\/International\/wp-json\/wp\/v2\/posts\/110868","targetHints":{"allow":["GET"]}}],"collection":[{"href":"https:\/\/linitiative.ca\/International\/wp-json\/wp\/v2\/posts"}],"about":[{"href":"https:\/\/linitiative.ca\/International\/wp-json\/wp\/v2\/types\/post"}],"author":[{"embeddable":true,"href":"https:\/\/linitiative.ca\/International\/wp-json\/wp\/v2\/users\/1965"}],"replies":[{"embeddable":true,"href":"https:\/\/linitiative.ca\/International\/wp-json\/wp\/v2\/comments?post=110868"}],"version-history":[{"count":0,"href":"https:\/\/linitiative.ca\/International\/wp-json\/wp\/v2\/posts\/110868\/revisions"}],"wp:attachment":[{"href":"https:\/\/linitiative.ca\/International\/wp-json\/wp\/v2\/media?parent=110868"}],"wp:term":[{"taxonomy":"category","embeddable":true,"href":"https:\/\/linitiative.ca\/International\/wp-json\/wp\/v2\/categories?post=110868"},{"taxonomy":"post_tag","embeddable":true,"href":"https:\/\/linitiative.ca\/International\/wp-json\/wp\/v2\/tags?post=110868"}],"curies":[{"name":"wp","href":"https:\/\/api.w.org\/{rel}","templated":true}]}}