{"id":110870,"date":"2021-02-08T18:04:24","date_gmt":"2021-02-08T23:04:24","guid":{"rendered":"https:\/\/linitiative.ca\/International\/maroc-au-moins-28-morts-dans-une-usine-clandestine-a-tanger\/"},"modified":"2021-02-08T18:04:24","modified_gmt":"2021-02-08T23:04:24","slug":"maroc-au-moins-28-morts-dans-une-usine-clandestine-a-tanger","status":"publish","type":"post","link":"https:\/\/linitiative.ca\/International\/maroc-au-moins-28-morts-dans-une-usine-clandestine-a-tanger\/","title":{"rendered":"Maroc : Au moins 28 morts dans une usine clandestine \u00e0 Tanger"},"content":{"rendered":"<div readability=\"32\">\n<p>Publi\u00e9 le 09.02.2021 \u00e0 00h18 par APA News<\/p>\n<\/div>\n<div readability=\"50\">\n<p>Au moins 28 personnes ont trouv\u00e9 la mort, lundi matin, dans une unit\u00e9 clandestine de textile situ\u00e9e dans la cave d\u2019une villa \u00e0 Tanger, apr\u00e8s que les eaux de pluies aient encercl\u00e9 certains occupants de cette unit\u00e9, selon les autorit\u00e9s locales.Aussit\u00f4t alert\u00e9es, les autorit\u00e9s locales et les services de s\u00fbret\u00e9 et de la protection civile sont intervenus pour secourir dix personnes qui ont \u00e9t\u00e9 transf\u00e9r\u00e9es \u00e0 l\u2019h\u00f4pital r\u00e9gional pour recevoir les soins n\u00e9cessaires, alors que les d\u00e9pouilles de 28 autres ont \u00e9t\u00e9 rep\u00each\u00e9es, dont 19 femmes, a-t-on pr\u00e9cis\u00e9 de m\u00eame source<\/p>\n<p>Les op\u00e9rations de recherches se poursuivent pour secourir d\u2019\u00e9ventuels autres individus encercl\u00e9s, ajoute la m\u00eame source.<\/p>\n<p>Une enqu\u00eate a \u00e9t\u00e9 ouverte par les autorit\u00e9s comp\u00e9tentes sous la supervision du parquet pour \u00e9lucider les circonstances de cet incident et d\u00e9terminer les responsabilit\u00e9s.<\/p>\n<\/div>\n<p>Auteur: APA News<br \/>\n<a href=\"https:\/\/www.journalducameroun.com\/maroc-au-moins-28-morts-dans-une-usine-clandestine-a-tanger\/\">Cliquez ici pour lire l&rsquo;article depuis sa source.<\/a><\/p>\n","protected":false},"excerpt":{"rendered":"<p>Publi\u00e9 le 09.02.2021 \u00e0 00h18 par APA News Au moins 28 personnes ont trouv\u00e9 la mort, lundi matin, dans une unit\u00e9 clandestine de textile situ\u00e9e dans la cave d\u2019une villa \u00e0 Tanger, apr\u00e8s que les eaux de pluies aient encercl\u00e9 certains occupants de cette unit\u00e9, selon les autorit\u00e9s locales.Aussit\u00f4t alert\u00e9es, les autorit\u00e9s locales et les [&hellip;]<\/p>\n","protected":false},"author":1965,"featured_media":0,"comment_status":"closed","ping_status":"closed","sticky":false,"template":"","format":"standard","meta":{"fifu_image_url":"","fifu_image_alt":"","footnotes":""},"categories":[73,82],"tags":[],"class_list":["post-110870","post","type-post","status-publish","format-standard","hentry","category-actualite","category-cameroun"],"_links":{"self":[{"href":"https:\/\/linitiative.ca\/International\/wp-json\/wp\/v2\/posts\/110870","targetHints":{"allow":["GET"]}}],"collection":[{"href":"https:\/\/linitiative.ca\/International\/wp-json\/wp\/v2\/posts"}],"about":[{"href":"https:\/\/linitiative.ca\/International\/wp-json\/wp\/v2\/types\/post"}],"author":[{"embeddable":true,"href":"https:\/\/linitiative.ca\/International\/wp-json\/wp\/v2\/users\/1965"}],"replies":[{"embeddable":true,"href":"https:\/\/linitiative.ca\/International\/wp-json\/wp\/v2\/comments?post=110870"}],"version-history":[{"count":0,"href":"https:\/\/linitiative.ca\/International\/wp-json\/wp\/v2\/posts\/110870\/revisions"}],"wp:attachment":[{"href":"https:\/\/linitiative.ca\/International\/wp-json\/wp\/v2\/media?parent=110870"}],"wp:term":[{"taxonomy":"category","embeddable":true,"href":"https:\/\/linitiative.ca\/International\/wp-json\/wp\/v2\/categories?post=110870"},{"taxonomy":"post_tag","embeddable":true,"href":"https:\/\/linitiative.ca\/International\/wp-json\/wp\/v2\/tags?post=110870"}],"curies":[{"name":"wp","href":"https:\/\/api.w.org\/{rel}","templated":true}]}}