{"id":110871,"date":"2021-02-08T07:03:13","date_gmt":"2021-02-08T12:03:13","guid":{"rendered":"https:\/\/linitiative.ca\/International\/cicam-vers-le-spectre-dune-nouvelle-annee-sombre\/"},"modified":"2021-02-08T07:03:13","modified_gmt":"2021-02-08T12:03:13","slug":"cicam-vers-le-spectre-dune-nouvelle-annee-sombre","status":"publish","type":"post","link":"https:\/\/linitiative.ca\/International\/cicam-vers-le-spectre-dune-nouvelle-annee-sombre\/","title":{"rendered":"Cicam : vers le spectre d\u2019une nouvelle ann\u00e9e sombre"},"content":{"rendered":"<p>L\u2019on est bien loin d\u2019\u00eatre sorti du calvaire \u00e0 la Cotonni\u00e8re industrielle du Cameroun (Cicam). Malgr\u00e9 qu\u2019elle ait repris du service depuis le 02 f\u00e9vrier dernier apr\u00e8s une interruption partielle de ses activit\u00e9s, l\u2019usine Cicam de Garoua pourrait bien replonger cette ann\u00e9e. En effet, apprend-on de bonnes sources, la pr\u00e9sidence de la r\u00e9publique a ordonn\u00e9 \u00e0 la direction g\u00e9n\u00e9rale de la Sodecoton de reprendre les approvisionnements de cette usine en mati\u00e8re premi\u00e8re et ce, malgr\u00e9 des impay\u00e9s qui cumulaient \u00e0 600 millions de FCFA en d\u00e9but d\u2019ann\u00e9e 2020. Cependant, le contexte sanitaire n\u2019est pas \u00e0 l\u2019avantage de cette usine. Pour limiter les risques de contamination, le gouvernement a d\u00e9cid\u00e9 de suspendre la c\u00e9l\u00e9bration officielle de la f\u00eate nationale de la jeunesse. Une hypoth\u00e8se qui n\u2019est pas \u00e0 \u00e9laguer pour les autres c\u00e9r\u00e9monies du m\u00eame acabit (08 mars, 20 mais) si le niveau de contamination continue de grimper. Cette hypoth\u00e8se serait un coup dur pour l\u2019usine Cicam de Garoua qui r\u00e9alise 80% de son chiffre d\u2019affaires annuel lors des c\u00e9l\u00e9brations du 8 mars, et du 1er mai. L\u2019annulation de ces festivit\u00e9s reviendrait donc \u00e0 priver cette entit\u00e9 publique d\u2019une bonne partie de ses ressources. \u00ab Notre tr\u00e9sorerie est tendue. On comptait la renflouer un peu avec les campagnes du 08 mars et du 1er. Nous esp\u00e9rons qu\u2019une solution sera trouv\u00e9e dans les prochains jours, sinon nous allons enchainer avec deux mauvaises campagnes encore, \u00e0 savoir le 08 mars et le 1er mai. Ce qui va compliquer davantage notre tr\u00e9sorerie. \u00bb Fait savoir le Dg de l\u2019usine.<\/p>\n<p><strong>Lire aussi<\/strong> : <a href=\"https:\/\/ecomatin.net\/pourquoi-les-masques-de-cicam-coutent-1300-f\/\">Pourquoi les masques de Cicam co\u00fbtent 1300 F<\/a><\/p>\n<p>La pr\u00e9sente situation ne viendra que d\u00e9t\u00e9riorer la situation d\u00e9j\u00e0 d\u00e9l\u00e9t\u00e8re de l\u2019entreprise. Selon la Commission Technique de R\u00e9habilitation des entreprises publiques et parapubliques la Cicam affiche depuis plusieurs ann\u00e9es un r\u00e9sultat d\u00e9ficitaire cons\u00e9cutif depuis plusieurs ann\u00e9es, et qu\u2019il sera imp\u00e9ratif pour l\u2019entreprise de d\u00e9velopper des strat\u00e9gies d\u2019innovations en vue de booster sa performance globale.<\/p>\n<p><strong>Impact \u00e0 la chaine<\/strong><\/p>\n<p>Un tour au niveau des m\u00e9tiers li\u00e9s \u00e0 ces festivit\u00e9s, d\u00e9montre l\u2019inqui\u00e9tude qui r\u00e9signe quant \u00e0 la non tenu de ces c\u00e9l\u00e9brations, et par les b\u00e9n\u00e9fices r\u00e9sultants de ces p\u00e9riodes. Pour Kam Franck, entrepreneur dans le domaine de la s\u00e9rigraphie \u00ab j\u2019ai j\u2019\u00e9t\u00e9 sollicit\u00e9 par des centres de formations, coll\u00e8ges priv\u00e9s et associations pour la conception des t-shirts et plaques pour le d\u00e9fil\u00e9. Aux derni\u00e8res nouvelles je suis tr\u00e8s inquiet par rapport \u00e0 la mont\u00e9e de cette pand\u00e9mie, j\u2019ai peur de me retrouver dans une perte totale comme l\u2019ann\u00e9e derni\u00e8re. Je suis en train de sortir les maquettes en fonctions des commandes et si l\u2019\u00e9v\u00e8nement est suspendu le client ne pourra pas me verser la totalit\u00e9 de l\u2019agent, c\u2019est-\u00e0-dire 75% \u00bb. La m\u00eame peur r\u00e9side au sein de l\u2019entreprise de sylvain \u00ab les ann\u00e9es ant\u00e9rieurs pour ce qui \u00e9tait du 1 er mai, les travaux \u00e9tait abondants et r\u00e9curent mais l\u2019ann\u00e9e derni\u00e8re on n\u2019a pas fait de chiffre d\u2019affaire. Cette situation a beaucoup affect\u00e9 notre secteur \u00bb d\u00e9crie ce dernier. Au niveau des tailleurs, c\u2019est la m\u00eame psychose qui s\u2019est install\u00e9e.<\/p>\n<p><strong>Lire aussi<\/strong> : <a href=\"https:\/\/ecomatin.net\/covid-19-la-cicam-se-lance-dans-la-production-des-masques\/\">Covid-19 : la Cicam se lance dans la production des masques<\/a><\/p>\n<p>Entre esp\u00e9rance et d\u00e9sespoir, les chefs d\u2019entreprises du secteur de la fabrication des v\u00eatements \u00e0 th\u00e8me, croisent actuellement les doigts pour une meilleure saison que celle de l\u2019ann\u00e9e derni\u00e8re.<\/p>\n<p>Auteur: Amina MALLOUM<br \/>\n<a href=\"https:\/\/ecomatin.net\/cicam-vers-le-spectre-dune-nouvelle-annee-sombre\/\">Cliquez ici pour lire l&rsquo;article depuis sa source.<\/a><\/p>\n","protected":false},"excerpt":{"rendered":"<p>L\u2019on est bien loin d\u2019\u00eatre sorti du calvaire \u00e0 la Cotonni\u00e8re industrielle du Cameroun (Cicam). Malgr\u00e9 qu\u2019elle ait repris du service depuis le 02 f\u00e9vrier dernier apr\u00e8s une interruption partielle de ses activit\u00e9s, l\u2019usine Cicam de Garoua pourrait bien replonger cette ann\u00e9e. En effet, apprend-on de bonnes sources, la pr\u00e9sidence de la r\u00e9publique a ordonn\u00e9 [&hellip;]<\/p>\n","protected":false},"author":1969,"featured_media":0,"comment_status":"closed","ping_status":"closed","sticky":false,"template":"","format":"standard","meta":{"fifu_image_url":"","fifu_image_alt":"","footnotes":""},"categories":[82,78],"tags":[],"class_list":["post-110871","post","type-post","status-publish","format-standard","hentry","category-cameroun","category-economie"],"_links":{"self":[{"href":"https:\/\/linitiative.ca\/International\/wp-json\/wp\/v2\/posts\/110871","targetHints":{"allow":["GET"]}}],"collection":[{"href":"https:\/\/linitiative.ca\/International\/wp-json\/wp\/v2\/posts"}],"about":[{"href":"https:\/\/linitiative.ca\/International\/wp-json\/wp\/v2\/types\/post"}],"author":[{"embeddable":true,"href":"https:\/\/linitiative.ca\/International\/wp-json\/wp\/v2\/users\/1969"}],"replies":[{"embeddable":true,"href":"https:\/\/linitiative.ca\/International\/wp-json\/wp\/v2\/comments?post=110871"}],"version-history":[{"count":0,"href":"https:\/\/linitiative.ca\/International\/wp-json\/wp\/v2\/posts\/110871\/revisions"}],"wp:attachment":[{"href":"https:\/\/linitiative.ca\/International\/wp-json\/wp\/v2\/media?parent=110871"}],"wp:term":[{"taxonomy":"category","embeddable":true,"href":"https:\/\/linitiative.ca\/International\/wp-json\/wp\/v2\/categories?post=110871"},{"taxonomy":"post_tag","embeddable":true,"href":"https:\/\/linitiative.ca\/International\/wp-json\/wp\/v2\/tags?post=110871"}],"curies":[{"name":"wp","href":"https:\/\/api.w.org\/{rel}","templated":true}]}}