{"id":110878,"date":"2021-02-09T09:30:28","date_gmt":"2021-02-09T14:30:28","guid":{"rendered":"https:\/\/linitiative.ca\/International\/souss-massa-agrotech-sensibilise-aux-dechets-plastiques-agricoles\/"},"modified":"2021-02-09T09:30:28","modified_gmt":"2021-02-09T14:30:28","slug":"souss-massa-agrotech-sensibilise-aux-dechets-plastiques-agricoles","status":"publish","type":"post","link":"https:\/\/linitiative.ca\/International\/souss-massa-agrotech-sensibilise-aux-dechets-plastiques-agricoles\/","title":{"rendered":"Souss-Massa : AgroTech sensibilise aux d\u00e9chets plastiques agricoles"},"content":{"rendered":"<p><img decoding=\"async\" class=\"post_layout_5_img\" src=\"http:\/\/aujourdhui.ma\/wp-content\/uploads\/2021\/02\/Collecteurs-recycleurs-agriculteurs-ainsi-que-le-grand-public-sont-concernes.jpg\" alt=\"Souss-Massa : AgroTech sensibilise aux d&#xE9;chets plastiques agricoles\"\/><\/p>\n<p><span class=\"c5\"><strong>Collecteurs, recycleurs, agriculteurs ainsi que le grand public sont concern\u00e9s<\/strong><\/span><span id=\"more-367811\"\/><\/p>\n<p>L\u2019Association AgroTechnologies du Souss-Massa (AgroTech SM) s\u2019appr\u00eate \u00e0 lancer une campagne de communication et de promotion du projet \u00abValorisation des d\u00e9chets plastiques agricoles dans la r\u00e9gion Souss-Massa\u00bb. Et ce pour contribuer \u00e0 la structuration de la fili\u00e8re, \u00e0 la protection de l\u2019homme et de l\u2019environnement et au renforcement de l\u2019\u00e9conomie circulaire.<br \/>Pour un plus grand impact des actions mises en \u0153uvre dans le cadre du projet de valorisation des d\u00e9chets plastiques agricoles dans le Souss-Massa, l\u2019AgroTech et ses partenaires lanceront une campagne de communication, de sensibilisation et de promotion de la fili\u00e8re.<\/p>\n<p>Cette initiative s\u2019adresse aux collecteurs, recycleurs, agriculteurs ainsi qu\u2019au grand public pour qu\u2019ils puissent prendre conscience de l\u2019int\u00e9r\u00eat social, environnemental et \u00e9conomique de la fili\u00e8re de recyclage des d\u00e9chets plastiques agricoles, et qui se traduira par une structuration et un d\u00e9veloppement du secteur.<br \/>Il va sans dire que la r\u00e9cup\u00e9ration et le recyclage des d\u00e9chets plastiques font l\u2019objet d\u2019une activit\u00e9 para-agricole intense, notamment dans la r\u00e9gion Souss-Massa. De la fabrication du plastique neuf jusqu\u2019\u00e0 la valorisation du plastique us\u00e9, en passant par l\u2019importation, la distribution, la valorisation et l\u2019exportation, la fili\u00e8re conna\u00eet l\u2019intervention d\u2019un grand nombre d\u2019op\u00e9rateurs, \u00e0 savoir : les agriculteurs, les collecteurs, les collecteurs-recycleurs, les recycleurs formels, les recycleurs informels, les grossistes, les usagers des plastiques us\u00e9es, les industriels et les importateurs.<br \/>D\u2019apr\u00e8s l\u2019\u00e9tude r\u00e9alis\u00e9e en 2020 par l\u2019Association AgroTech SM et financ\u00e9e par le Conseil r\u00e9gional du Souss-Massa, le secteur agricole de la r\u00e9gion a g\u00e9n\u00e9r\u00e9 une quantit\u00e9 de l\u2019ordre de 40.326 tonnes de d\u00e9chets plastiques agricoles (DPA) en 2013\/2014, issus des cultures sous abris-serres. En raison de l\u2019extension continue de ces cultures, le gisement annuel des DPA a \u00e9t\u00e9 \u00e9valu\u00e9 en 2018\/2019 \u00e0 environ 55.000 tonnes, soit une augmentation d\u2019environ 37,7% par rapport \u00e0 l\u2019ann\u00e9e 2013\/2014.<\/p>\n<p>Dans ce contexte, une convention de partenariat a \u00e9t\u00e9 sign\u00e9e entre le minist\u00e8re de l\u2019\u00e9nergie, des mines et de l\u2019environnement (MEME) -D\u00e9partement de l\u2019Environnement- et l\u2019AgroTech, appuy\u00e9e par la wilaya de la r\u00e9gion Souss-Massa, le Conseil r\u00e9gional Souss-Massa et la Direction r\u00e9gionale de l\u2019agriculture du Souss-Massa. Cette convention vise \u00e0 poursuivre la structuration de la fili\u00e8re et le renforcement des capacit\u00e9s des acteurs et \u00e0 \u00e9tudier les sc\u00e9narios possibles pour la cr\u00e9ation d\u2019une plateforme de valorisation collective des DPA dans la r\u00e9gion.<\/p>\n<p>Notons que le projet de valorisation des d\u00e9chets plastiques agricoles dans le Souss-Massa s\u2019\u00e9tale sur une dur\u00e9e de 3 ans et intervient dans quatre principales zones : la province de Chtouka-Ait Baha, la province de Taroudant, la pr\u00e9fecture d\u2019Inezgane-A\u00eft Melloul et la pr\u00e9fecture Agadir Ida-OuTanane.<\/p>\n<p>Auteur: Mohamed Laabid<br \/>\n<a href=\"https:\/\/aujourdhui.ma\/actualite\/souss-massa-agrotech-sensibilise-aux-dechets-plastiques-agricoles\">Cliquez ici pour lire l&rsquo;article depuis sa source.<\/a><\/p>\n","protected":false},"excerpt":{"rendered":"<p>Collecteurs, recycleurs, agriculteurs ainsi que le grand public sont concern\u00e9s L\u2019Association AgroTechnologies du Souss-Massa (AgroTech SM) s\u2019appr\u00eate \u00e0 lancer une campagne de communication et de promotion du projet \u00abValorisation des d\u00e9chets plastiques agricoles dans la r\u00e9gion Souss-Massa\u00bb. Et ce pour contribuer \u00e0 la structuration de la fili\u00e8re, \u00e0 la protection de l\u2019homme et de l\u2019environnement [&hellip;]<\/p>\n","protected":false},"author":1759,"featured_media":0,"comment_status":"closed","ping_status":"closed","sticky":false,"template":"","format":"standard","meta":{"fifu_image_url":"http:\/\/aujourdhui.ma\/wp-content\/uploads\/2021\/02\/Collecteurs-recycleurs-agriculteurs-ainsi-que-le-grand-public-sont-concernes.jpg","fifu_image_alt":"Souss-Massa : AgroTech sensibilise aux d\u00e9chets plastiques agricoles","footnotes":""},"categories":[73,54],"tags":[],"class_list":["post-110878","post","type-post","status-publish","format-standard","hentry","category-actualite","category-maroc"],"_links":{"self":[{"href":"https:\/\/linitiative.ca\/International\/wp-json\/wp\/v2\/posts\/110878","targetHints":{"allow":["GET"]}}],"collection":[{"href":"https:\/\/linitiative.ca\/International\/wp-json\/wp\/v2\/posts"}],"about":[{"href":"https:\/\/linitiative.ca\/International\/wp-json\/wp\/v2\/types\/post"}],"author":[{"embeddable":true,"href":"https:\/\/linitiative.ca\/International\/wp-json\/wp\/v2\/users\/1759"}],"replies":[{"embeddable":true,"href":"https:\/\/linitiative.ca\/International\/wp-json\/wp\/v2\/comments?post=110878"}],"version-history":[{"count":0,"href":"https:\/\/linitiative.ca\/International\/wp-json\/wp\/v2\/posts\/110878\/revisions"}],"wp:attachment":[{"href":"https:\/\/linitiative.ca\/International\/wp-json\/wp\/v2\/media?parent=110878"}],"wp:term":[{"taxonomy":"category","embeddable":true,"href":"https:\/\/linitiative.ca\/International\/wp-json\/wp\/v2\/categories?post=110878"},{"taxonomy":"post_tag","embeddable":true,"href":"https:\/\/linitiative.ca\/International\/wp-json\/wp\/v2\/tags?post=110878"}],"curies":[{"name":"wp","href":"https:\/\/api.w.org\/{rel}","templated":true}]}}