{"id":110881,"date":"2021-02-09T09:42:12","date_gmt":"2021-02-09T14:42:12","guid":{"rendered":"https:\/\/linitiative.ca\/International\/dakhla-abritera-le-2eme-forum-mondial-ai-for-climate\/"},"modified":"2021-02-09T09:42:12","modified_gmt":"2021-02-09T14:42:12","slug":"dakhla-abritera-le-2eme-forum-mondial-ai-for-climate","status":"publish","type":"post","link":"https:\/\/linitiative.ca\/International\/dakhla-abritera-le-2eme-forum-mondial-ai-for-climate\/","title":{"rendered":"Dakhla abritera le 2\u00e8me Forum mondial \u00abAI for Climate\u00bb"},"content":{"rendered":"<p><strong>La ville de Dakhla a \u00e9t\u00e9 choisie pour abriter la deuxi\u00e8me \u00e9dition du Forum annuel \u00ab\u00a0AI for Climate\u00a0\u00bb d\u00e9but d\u00e9cembre prochain, une initiative lanc\u00e9e au Mexique avec pour but d\u2019acc\u00e9l\u00e9rer l\u2019utilisation de l\u2019intelligence artificielle pour prot\u00e9ger la biodiversit\u00e9 dans le monde et lutter contre les changements climatiques.<\/strong><\/p>\n<p>L\u2019ambassadeur du Maroc au Mexique, Abdelfattah Lebbar, a officiellement annonc\u00e9 l\u2019organisation de cet \u00e9v\u00e8nement au cours d\u2019une r\u00e9union virtuelle avec des repr\u00e9sentants du gouvernement mexicain, ainsi que de nombreux ambassadeurs accr\u00e9dit\u00e9s \u00e0 Mexico et repr\u00e9sentants d\u2019organisations internationales, outre l\u2019\u00e9quipe de travail d\u2019AI for Climate, dont son co-fondateur Christopher Cordova.<\/p>\n<p>\u00ab\u00a0Le Royaume soutient cette initiative innovante visant \u00e0 pr\u00e9server l\u2019environnement et les ressources naturelles, et qui a \u00e9t\u00e9 r\u00e9compens\u00e9e l\u2019ann\u00e9e derni\u00e8re par le Forum de Paris sur la Paix\u00a0\u00bb, a indiqu\u00e9, \u00e0 cette occasion, M. Lebbar, notant que le Forum verra la participation d\u2019un nombre important d\u2019experts internationaux dans les changements climatiques, l\u2019intelligence artificielle (IA), la politique publique et la coop\u00e9ration internationale.<\/p>\n<p>Cette r\u00e9union a ainsi permis aux participants de s\u2019informer des efforts d\u00e9ploy\u00e9s par le Maroc dans le domaine de lutte contre les changements climatiques, conform\u00e9ment \u00e0 ses engagements \u00e0 l\u2019issue de la COP22, tenue en 2016 \u00e0 Marrakech.<\/p>\n<p>L\u2019ambassadeur a notamment mis en lumi\u00e8re les projets de d\u00e9veloppement durable qui ont \u00e9t\u00e9 r\u00e9alis\u00e9s \u00e0 Dakhla et dans l\u2019ensemble des Provinces du sud gr\u00e2ce \u00e0 la vision \u00e9clair\u00e9e de SM le Roi Mohammed VI.<\/p>\n<p>De son c\u00f4t\u00e9, le ministre mexicain du Tourisme, Miguel Torruco, a soulign\u00e9 que la tenue de la 2\u00e8me \u00e9dition de ce Forum \u00e0 Dakhla refl\u00e8te la r\u00e9putation dont jouit le Maroc aux niveaux r\u00e9gional et international, notant que le Royaume est habitu\u00e9 \u00e0 organiser ce genre de manifestations internationales d\u00e9di\u00e9es \u00e0 la cause climatique.<\/p>\n<p>Pour sa part, la ministre mexicaine de l\u2019Environnement, Mar\u00eda Luisa Albores Gonz\u00e1lez, a f\u00e9licit\u00e9 le Maroc pour la tenue de ce Forum, souhaitant plein succ\u00e8s \u00e0 cette \u00e9dition qui vise \u00e0 trouver des solutions efficaces pour lutter contre les changements climatiques en cherchant des m\u00e9thodes qui r\u00e9pondent aux besoins des populations sans nuire aux g\u00e9n\u00e9rations futures.<\/p>\n<p>Fond\u00e9e par C Minds et Christopher Cordova Agency, l\u2019initiative AI for Climate vise \u00e0 amplifier et \u00e0 acc\u00e9l\u00e9rer l\u2019utilisation de l\u2019intelligence artificielle pour la protection et la restauration des \u00e9cosyst\u00e8mes dans le monde entier, contribuant ainsi \u00e0 la stabilit\u00e9 du climat et \u00e0 une reprise \u00e9conomique durable post-COVID qui inclut les communaut\u00e9s vivant dans et autour des r\u00e9serves naturelles.<\/p>\n<p>L\u2019une de ses lignes d\u2019action est l\u2019organisation de forums mondiaux, dont le premier a eu lieu au Yucatan, au Mexique, en novembre 2020, avec la participation d\u2019experts de 10 pays.<\/p>\n<p>L\u2019\u00e9dition 2021 qui se tiendra au Maroc en d\u00e9cembre prochain comprendra des exp\u00e9riences sur place et virtuelles. L\u2019objectif est de partager les meilleures pratiques, les technologies et les connaissances sur l\u2019utilisation de l\u2019IA pour la protection des r\u00e9serves naturelles.<\/p>\n<p>Auteur: M&rsquo;hammed rahal<br \/>\n<a href=\"http:\/\/albayane.press.ma\/dakhla-abritera-le-2eme-forum-mondial-ai-for-climate.html\">Cliquez ici pour lire l&rsquo;article depuis sa source.<\/a><\/p>\n","protected":false},"excerpt":{"rendered":"<p>La ville de Dakhla a \u00e9t\u00e9 choisie pour abriter la deuxi\u00e8me \u00e9dition du Forum annuel \u00ab\u00a0AI for Climate\u00a0\u00bb d\u00e9but d\u00e9cembre prochain, une initiative lanc\u00e9e au Mexique avec pour but d\u2019acc\u00e9l\u00e9rer l\u2019utilisation de l\u2019intelligence artificielle pour prot\u00e9ger la biodiversit\u00e9 dans le monde et lutter contre les changements climatiques. L\u2019ambassadeur du Maroc au Mexique, Abdelfattah Lebbar, a [&hellip;]<\/p>\n","protected":false},"author":1760,"featured_media":0,"comment_status":"closed","ping_status":"closed","sticky":false,"template":"","format":"standard","meta":{"fifu_image_url":"","fifu_image_alt":"","footnotes":""},"categories":[73,54],"tags":[],"class_list":["post-110881","post","type-post","status-publish","format-standard","hentry","category-actualite","category-maroc"],"_links":{"self":[{"href":"https:\/\/linitiative.ca\/International\/wp-json\/wp\/v2\/posts\/110881","targetHints":{"allow":["GET"]}}],"collection":[{"href":"https:\/\/linitiative.ca\/International\/wp-json\/wp\/v2\/posts"}],"about":[{"href":"https:\/\/linitiative.ca\/International\/wp-json\/wp\/v2\/types\/post"}],"author":[{"embeddable":true,"href":"https:\/\/linitiative.ca\/International\/wp-json\/wp\/v2\/users\/1760"}],"replies":[{"embeddable":true,"href":"https:\/\/linitiative.ca\/International\/wp-json\/wp\/v2\/comments?post=110881"}],"version-history":[{"count":0,"href":"https:\/\/linitiative.ca\/International\/wp-json\/wp\/v2\/posts\/110881\/revisions"}],"wp:attachment":[{"href":"https:\/\/linitiative.ca\/International\/wp-json\/wp\/v2\/media?parent=110881"}],"wp:term":[{"taxonomy":"category","embeddable":true,"href":"https:\/\/linitiative.ca\/International\/wp-json\/wp\/v2\/categories?post=110881"},{"taxonomy":"post_tag","embeddable":true,"href":"https:\/\/linitiative.ca\/International\/wp-json\/wp\/v2\/tags?post=110881"}],"curies":[{"name":"wp","href":"https:\/\/api.w.org\/{rel}","templated":true}]}}