{"id":110882,"date":"2021-02-09T09:43:56","date_gmt":"2021-02-09T14:43:56","guid":{"rendered":"https:\/\/linitiative.ca\/International\/%ef%bb%bfroles-de-letat-et-des-collectivites-territoriales-a-lere-du-coronavirus\/"},"modified":"2021-02-09T09:43:56","modified_gmt":"2021-02-09T14:43:56","slug":"%ef%bb%bfroles-de-letat-et-des-collectivites-territoriales-a-lere-du-coronavirus","status":"publish","type":"post","link":"https:\/\/linitiative.ca\/International\/%ef%bb%bfroles-de-letat-et-des-collectivites-territoriales-a-lere-du-coronavirus\/","title":{"rendered":"\ufeffR\u00f4les de l\u2019Etat et des collectivit\u00e9s territoriales \u00e0 l\u2019\u00e8re du coronavirus"},"content":{"rendered":"<p class=\"c2\"><strong>T\u00e9touan: Parution de l\u2019ouvrage juridique collectif<\/strong><\/p>\n<p><strong>La Facult\u00e9 des sciences juridiques, \u00e9conomiques et sociales de T\u00e9touan a publi\u00e9, r\u00e9cemment, un ouvrage juridique collectif intitul\u00e9 \u201cR\u00f4les de l\u2019Etat et des collectivit\u00e9s territoriales \u00e0 l\u2019\u00e8re du coronavirus\u201d.<\/strong><\/p>\n<p>L\u2019ouvrage, publi\u00e9 \u00e0 l\u2019initiative du d\u00e9partement du Droit public de la facult\u00e9, se penche sur trois axes, \u00e0 savoir \u201cL\u2019Etat et la justice \u00e0 l\u2019\u00e8re du coronavirus\u201d, \u201cles collectivit\u00e9s territoriales \u00e0 l\u2019\u00e8re du coronavirus\u201d et \u201cl\u2019\u00e9conomie et la gestion \u00e0 l\u2019\u00e8re du coronavirus\u201d, et comprend un mot du pr\u00e9sident de l\u2019Universit\u00e9 Abdelmalek Essa\u00e2di, feu Mohammed Errami.<\/p>\n<p>Ont particip\u00e9 \u00e0 l\u2019\u00e9laboration de l\u2019ouvrage, dont l\u2019id\u00e9e \u00e9mane du chef du d\u00e9partement de droit public, Hamid Aboulas, et du doyen de la facult\u00e9 de droit, Mohamed El Emrani Boukhoubza, 29 docteurs et professeurs universitaires des facult\u00e9s de T\u00e9touan, Tanger, Mekn\u00e8s et Malaga (Espagne) ainsi que des magistrats. Il comporte une partie de 575 pages en arabe et une partie de 171 pages en fran\u00e7ais et en espagnol.<\/p>\n<p>Dans le premier axe, l\u2019ouvrage met en lumi\u00e8re le r\u00f4le de l\u2019Etat suite \u00e0 la pand\u00e9mie du coronavirus, sa gestion des politiques publiques relatives \u00e0 la crise, le r\u00f4le de la justice dans la protection des droits et libert\u00e9s durant l\u2019\u00e9tat d\u2019urgence sanitaire, le proc\u00e8s p\u00e9nal \u00e0 distance, les mesures temporaires pour contr\u00f4ler le march\u00e9 et prot\u00e9ger les consommateurs, l\u2019impact de la pand\u00e9mie et l\u2019avenir du monde, le r\u00f4le de l\u2019Etat et la soci\u00e9t\u00e9 dans la gestion des r\u00e9percussions de la pand\u00e9mie, la gestion de la crise du Covid-19 ainsi que la d\u00e9cision souveraine \u00e0 travers le mod\u00e8le de suspension des vols.<\/p>\n<p>L\u2019ouvrage s\u2019est \u00e9galement pench\u00e9 sur le r\u00f4le de la soci\u00e9t\u00e9 civile, les droits et les libert\u00e9s, l\u2019Etat, le genre social et la violence domestique \u00e0 l\u2019\u00e8re du coronavirus, la pand\u00e9mie et l\u2019h\u00e9ritage de la sociologie urbaine, la prise de conscience de la centralit\u00e9 de l\u2019Etat, ainsi que sur la politique \u00e9trang\u00e8re du Maroc \u00e0 l\u2019\u00e8re de la pand\u00e9mie, le mod\u00e8le de d\u00e9veloppement marocain et les imp\u00e9ratifs de construction de l\u2019\u00c9tat social.<\/p>\n<p>Le deuxi\u00e8me axe s\u2019arr\u00eate sur les collectivit\u00e9s territoriales et la question des comp\u00e9tences, la continuit\u00e9 du service public \u00e0 la lumi\u00e8re de la crise relative au coronavirus, la police administrative au Maroc \u00e0 l\u2019\u00e8re du coronavirus, la commande publique au Maroc et le probl\u00e8me de la durabilit\u00e9 \u00e0 l\u2019\u00e8re du coronavirus, la digitalisation des services publics ainsi que la participation des instances locales \u00e9lues dans la gestion de la pand\u00e9mie.<\/p>\n<p>Quant au troisi\u00e8me axe, \u00e0 caract\u00e8re \u00e9conomique, il traite de l\u2019impact de la pand\u00e9mie sur la conteneurisation au port Tanger Med, les pratiques manag\u00e9riales de la gestion de crise et des risques, la tourmente des finances publiques, les collectivit\u00e9s territoriales face \u00e0 la crise pand\u00e9mique et les normes de l\u2019urbanisme durable ainsi que la reconstruction \u00e9conomique apr\u00e8s la pand\u00e9mie.<\/p>\n<p>Selon la pr\u00e9sentation de l\u2019ouvrage, ces sujets n\u00e9cessitent un effort intellectuel collectif provenant de multiples domaines de connaissance pour mieux comprendre ce qui se passe et aider \u00e0 expliquer la situation actuelle, et ce afin de contribuer \u00e0 l\u2019\u00e9laboration de sc\u00e9narios pour l\u2019avenir.<\/p>\n<p>Auteur: M&rsquo;hammed rahal<br \/>\n<a href=\"http:\/\/albayane.press.ma\/%EF%BB%BFroles-de-letat-et-des-collectivites-territoriales-a-lere-du-coronavirus.html\">Cliquez ici pour lire l&rsquo;article depuis sa source.<\/a><\/p>\n","protected":false},"excerpt":{"rendered":"<p>T\u00e9touan: Parution de l\u2019ouvrage juridique collectif La Facult\u00e9 des sciences juridiques, \u00e9conomiques et sociales de T\u00e9touan a publi\u00e9, r\u00e9cemment, un ouvrage juridique collectif intitul\u00e9 \u201cR\u00f4les de l\u2019Etat et des collectivit\u00e9s territoriales \u00e0 l\u2019\u00e8re du coronavirus\u201d. L\u2019ouvrage, publi\u00e9 \u00e0 l\u2019initiative du d\u00e9partement du Droit public de la facult\u00e9, se penche sur trois axes, \u00e0 savoir \u201cL\u2019Etat [&hellip;]<\/p>\n","protected":false},"author":1760,"featured_media":0,"comment_status":"closed","ping_status":"closed","sticky":false,"template":"","format":"standard","meta":{"fifu_image_url":"","fifu_image_alt":"","footnotes":""},"categories":[73,54],"tags":[],"class_list":["post-110882","post","type-post","status-publish","format-standard","hentry","category-actualite","category-maroc"],"_links":{"self":[{"href":"https:\/\/linitiative.ca\/International\/wp-json\/wp\/v2\/posts\/110882","targetHints":{"allow":["GET"]}}],"collection":[{"href":"https:\/\/linitiative.ca\/International\/wp-json\/wp\/v2\/posts"}],"about":[{"href":"https:\/\/linitiative.ca\/International\/wp-json\/wp\/v2\/types\/post"}],"author":[{"embeddable":true,"href":"https:\/\/linitiative.ca\/International\/wp-json\/wp\/v2\/users\/1760"}],"replies":[{"embeddable":true,"href":"https:\/\/linitiative.ca\/International\/wp-json\/wp\/v2\/comments?post=110882"}],"version-history":[{"count":0,"href":"https:\/\/linitiative.ca\/International\/wp-json\/wp\/v2\/posts\/110882\/revisions"}],"wp:attachment":[{"href":"https:\/\/linitiative.ca\/International\/wp-json\/wp\/v2\/media?parent=110882"}],"wp:term":[{"taxonomy":"category","embeddable":true,"href":"https:\/\/linitiative.ca\/International\/wp-json\/wp\/v2\/categories?post=110882"},{"taxonomy":"post_tag","embeddable":true,"href":"https:\/\/linitiative.ca\/International\/wp-json\/wp\/v2\/tags?post=110882"}],"curies":[{"name":"wp","href":"https:\/\/api.w.org\/{rel}","templated":true}]}}