{"id":110883,"date":"2021-02-09T09:45:22","date_gmt":"2021-02-09T14:45:22","guid":{"rendered":"https:\/\/linitiative.ca\/International\/lamee-et-le-ministere-de-leducation-nationale-sallient-pour-la-promotion-de-lefficacite-energetique\/"},"modified":"2021-02-09T09:45:22","modified_gmt":"2021-02-09T14:45:22","slug":"lamee-et-le-ministere-de-leducation-nationale-sallient-pour-la-promotion-de-lefficacite-energetique","status":"publish","type":"post","link":"https:\/\/linitiative.ca\/International\/lamee-et-le-ministere-de-leducation-nationale-sallient-pour-la-promotion-de-lefficacite-energetique\/","title":{"rendered":"L\u2019AMEE et le minist\u00e8re de l\u2019\u00c9ducation nationale s\u2019allient pour la promotion de l\u2019efficacit\u00e9 \u00e9nerg\u00e9tique"},"content":{"rendered":"<p><strong>Une convention-cadre de partenariat a \u00e9t\u00e9 sign\u00e9e, mardi \u00e0 Rabat, entre le minist\u00e8re de l\u2019\u00c9ducation nationale, de la formation professionnelle, de l\u2019enseignement sup\u00e9rieur et de la recherche scientifique et l\u2019Agence marocaine de l\u2019efficacit\u00e9 \u00e9nerg\u00e9tique (AMEE), en vue de promouvoir l\u2019efficacit\u00e9 \u00e9nerg\u00e9tique.<\/strong><\/p>\n<p>Paraph\u00e9e par le ministre de l\u2019Education nationale, de la formation professionnelle, de l\u2019enseignement sup\u00e9rieur et de la recherche scientifique, Saaid Amzazi, et le directeur g\u00e9n\u00e9ral de l\u2019AMEE, Said Mouline, la convention vise la mise en place de mesures d\u2019\u00e9conomie d\u2019\u00e9nergie et d\u2019actions de sensibilisation et de formation sur l\u2019\u00e9conomie verte et l\u2019efficacit\u00e9 \u00e9nerg\u00e9tique au sein du minist\u00e8re.<\/p>\n<p>L\u2019accord s\u2019inscrit dans le cadre de la d\u00e9clinaison de la strat\u00e9gie nationale de l\u2019efficacit\u00e9 \u00e9nerg\u00e9tique, ainsi que l\u2019ex\u00e9cution du plan d\u2019action transversal relatif \u00e0 la mise en \u0153uvre de l\u2019exemplarit\u00e9 de l\u2019\u00c9tat.<\/p>\n<p>\u00c0 travers cette convention-cadre, qui s\u2019\u00e9talera sur quatre ans, l\u2019AMEE compte sensibiliser des milliers d\u2019\u00e9tudiants \u00e0 l\u2019entrepreneuriat vert afin de former un v\u00e9ritable \u00e9cosyst\u00e8me favorable \u00e0 l\u2019\u00e9mergence et au d\u00e9veloppement des projets durables.<\/p>\n<p>Intervenant lors de la c\u00e9r\u00e9monie de signature, le directeur g\u00e9n\u00e9ral de l\u2019AMEE a indiqu\u00e9 que l\u2019op\u00e9rationnalisation de l\u2019efficacit\u00e9 \u00e9nerg\u00e9tique est aujourd\u2019hui un outil privil\u00e9gi\u00e9 de bonne gouvernance et qui est incontournable pour la r\u00e9duction de la facture \u00e9nerg\u00e9tique et la r\u00e9alisation d\u2019un taux de croissance verte de plus en plus significatif.<\/p>\n<p>\u00ab\u00a0L\u2019\u00c9tat doit montrer l\u2019exemple et mettre en \u0153uvre dans ses propres b\u00e2timents et services les mesures d\u2019efficacit\u00e9 \u00e9nerg\u00e9tique\u00a0\u00bb, a-t-il relev\u00e9, soulignant qu\u2019avec ce partenariat, l\u2019AMEE va accompagner le minist\u00e8re, en vue de lui permettre de franchir une \u00e9tape sup\u00e9rieure dans sa d\u00e9marche de responsabilit\u00e9 sociale et environnementale (RSE)\u00a0\u00bb.<\/p>\n<p>Cet accord n\u00e9cessitera une mobilisation de quatre millions de dirhams en nature par l\u2019AMEE, a pr\u00e9cis\u00e9 le responsable, mettant en avant les efforts d\u00e9ploy\u00e9s par l\u2019AMEE pour accompagner le minist\u00e8re dans la r\u00e9alisation des diagnostics \u00e9nerg\u00e9tiques des b\u00e2timents universitaires et ceux relevant des d\u00e9partements du minist\u00e8re, et de leurs flottes de v\u00e9hicules, ainsi que pour assurer la mise en \u0153uvre des recommandations de ces diagnostics.<\/p>\n<p>Pour sa part, M. Amzazi a fait savoir que cet accord portera sur la r\u00e9alisation des actions d\u2019assistance technique, de formation et de sensibilisation au profit des formateurs du minist\u00e8re pour la cr\u00e9ation de nouveaux modules de formation en relation avec l\u2019efficacit\u00e9 \u00e9nerg\u00e9tique.<\/p>\n<p>Le volet formation est tr\u00e8s pr\u00e9sent dans ce partenariat, a relev\u00e9 le ministre, soulignant que l\u2019AMEE organisera des sessions de formation pour les formateurs du minist\u00e8re autour des th\u00e9matiques li\u00e9es \u00e0 l\u2019\u00e9conomie verte et l\u2019efficacit\u00e9 \u00e9nerg\u00e9tique, y compris la formation du corps des chauffeurs et des coursiers du minist\u00e8re sur l\u2019\u00e9coconduite.<\/p>\n<p>Des sessions et ateliers de sensibilisation seront \u00e9galement diss\u00e9min\u00e9s pour les \u00e9tudiants et les collaborateurs du minist\u00e8re autour des th\u00e9matiques li\u00e9es \u00e0 l\u2019\u00e9conomie verte, tout en fournissant la documentation et les supports de communications y aff\u00e9rents, a-t-il ajout\u00e9.<\/p>\n<p>Auteur: M&rsquo;hammed rahal<br \/>\n<a href=\"http:\/\/albayane.press.ma\/lamee-et-le-ministere-de-leducation-nationale-sallient-pour-la-promotion-de-lefficacite-energetique.html\">Cliquez ici pour lire l&rsquo;article depuis sa source.<\/a><\/p>\n","protected":false},"excerpt":{"rendered":"<p>Une convention-cadre de partenariat a \u00e9t\u00e9 sign\u00e9e, mardi \u00e0 Rabat, entre le minist\u00e8re de l\u2019\u00c9ducation nationale, de la formation professionnelle, de l\u2019enseignement sup\u00e9rieur et de la recherche scientifique et l\u2019Agence marocaine de l\u2019efficacit\u00e9 \u00e9nerg\u00e9tique (AMEE), en vue de promouvoir l\u2019efficacit\u00e9 \u00e9nerg\u00e9tique. Paraph\u00e9e par le ministre de l\u2019Education nationale, de la formation professionnelle, de l\u2019enseignement sup\u00e9rieur [&hellip;]<\/p>\n","protected":false},"author":1760,"featured_media":0,"comment_status":"closed","ping_status":"closed","sticky":false,"template":"","format":"standard","meta":{"fifu_image_url":"","fifu_image_alt":"","footnotes":""},"categories":[73,54],"tags":[],"class_list":["post-110883","post","type-post","status-publish","format-standard","hentry","category-actualite","category-maroc"],"_links":{"self":[{"href":"https:\/\/linitiative.ca\/International\/wp-json\/wp\/v2\/posts\/110883","targetHints":{"allow":["GET"]}}],"collection":[{"href":"https:\/\/linitiative.ca\/International\/wp-json\/wp\/v2\/posts"}],"about":[{"href":"https:\/\/linitiative.ca\/International\/wp-json\/wp\/v2\/types\/post"}],"author":[{"embeddable":true,"href":"https:\/\/linitiative.ca\/International\/wp-json\/wp\/v2\/users\/1760"}],"replies":[{"embeddable":true,"href":"https:\/\/linitiative.ca\/International\/wp-json\/wp\/v2\/comments?post=110883"}],"version-history":[{"count":0,"href":"https:\/\/linitiative.ca\/International\/wp-json\/wp\/v2\/posts\/110883\/revisions"}],"wp:attachment":[{"href":"https:\/\/linitiative.ca\/International\/wp-json\/wp\/v2\/media?parent=110883"}],"wp:term":[{"taxonomy":"category","embeddable":true,"href":"https:\/\/linitiative.ca\/International\/wp-json\/wp\/v2\/categories?post=110883"},{"taxonomy":"post_tag","embeddable":true,"href":"https:\/\/linitiative.ca\/International\/wp-json\/wp\/v2\/tags?post=110883"}],"curies":[{"name":"wp","href":"https:\/\/api.w.org\/{rel}","templated":true}]}}