{"id":110884,"date":"2021-02-09T09:47:40","date_gmt":"2021-02-09T14:47:40","guid":{"rendered":"https:\/\/linitiative.ca\/International\/%ef%bb%bf-la-petition-parite-maintenant-une-premiere-parlementaire-sans-precedent\/"},"modified":"2021-02-09T09:47:40","modified_gmt":"2021-02-09T14:47:40","slug":"%ef%bb%bf-la-petition-parite-maintenant-une-premiere-parlementaire-sans-precedent","status":"publish","type":"post","link":"https:\/\/linitiative.ca\/International\/%ef%bb%bf-la-petition-parite-maintenant-une-premiere-parlementaire-sans-precedent\/","title":{"rendered":"\ufeff La p\u00e9tition \u00abParit\u00e9 maintenant\u00bb : une premi\u00e8re parlementaire sans pr\u00e9c\u00e9dent"},"content":{"rendered":"<p class=\"c2\"><strong>Rencontre de communication \u00e0 Rabat<\/strong><\/p>\n<p><strong>La commission des p\u00e9titions a tenu une r\u00e9union de communication avec les membres du groupe de travail th\u00e9matique charg\u00e9 de la parit\u00e9 et de l\u2019\u00e9galit\u00e9, en pr\u00e9sence des membres du comit\u00e9 de pr\u00e9sentation de la p\u00e9tition \u00ab\u00a0Parit\u00e9 maintenant\u00a0\u00bb dont la commission est saisie.<\/strong><\/p>\n<p>Au cours de cette rencontre, le pr\u00e9sident de la commission des p\u00e9titions et des motions Rachid El Abdi a consid\u00e9r\u00e9 cette \u00e9tape comme \u00ab\u00a0une premi\u00e8re parlementaire sans pr\u00e9c\u00e9dent, en convoquant les membres du comit\u00e9 de pr\u00e9sentation de la p\u00e9tition en question pour plaider et apporter des \u00e9claircissements suppl\u00e9mentaires sur son contenu\u00a0\u00bb.<\/p>\n<p>Il a rappel\u00e9 que la Chambre des repr\u00e9sentants a \u00e9t\u00e9 la premi\u00e8re \u00e0 mettre en \u0153uvre les dispositions de la Constitution et de la loi organique 44.14, \u00e0 travers l\u2019amendement de son r\u00e8glement int\u00e9rieur en 2017, avec la cr\u00e9ation de la commission des p\u00e9titions dans sa composition d\u00e9mocratique \u00e0 \u00e9galit\u00e9 entre la majorit\u00e9 et l\u2019opposition en tant qu\u2019indicateur fort de la volont\u00e9 de garantir l\u2019impartialit\u00e9 et l\u2019objectivit\u00e9 dans ses travaux.<\/p>\n<p>Depuis sa cr\u00e9ation, la commission s\u2019est efforc\u00e9e de jeter les bases des proc\u00e9dures de son fonctionnement et des m\u00e9canismes de r\u00e9ception des p\u00e9titions et motions des citoyens, \u00e0 travers les diff\u00e9rents m\u00e9canismes disponibles dans les deux lois organiques ainsi que les dispositions du R\u00e8glement int\u00e9rieur, selon un communiqu\u00e9 de la Chambre des repr\u00e9sentants.<\/p>\n<p>M. El Abdi a \u00e9galement abord\u00e9 le cheminement de la p\u00e9tition \u00ab\u00a0Parit\u00e9 maintenant\u00a0\u00bb dans l\u2019enceinte de la premi\u00e8re Chambre du parlement qui l\u2019a re\u00e7ue le 31 d\u00e9cembre dernier avant de la transmettre \u00e0 la commission ad hoc le 12 janvier 2021. Celle-ci dispose d\u2019un d\u00e9lai d\u2019un mois pour examiner la p\u00e9tition, v\u00e9rifier les conditions juridiques et \u00e9mettre un avis \u00e0 son sujet conform\u00e9ment aux dispositions de la loi organique 44.14 et aux termes du R\u00e8glement int\u00e9rieur de la Chambre.<\/p>\n<p>La commission a proc\u00e9d\u00e9 \u00e0 l\u2019examen de la p\u00e9tition depuis le premier jour de sa saisine, particuli\u00e8rement les conditions de forme requises pour les signataires de la p\u00e9tition, le nombre total de signatures atteignant 13.816, dont 13.692 signatures papier et 125 signatures \u00e9lectroniques. A cet effet, une correspondance a \u00e9t\u00e9 envoy\u00e9e au chef du gouvernement afin de v\u00e9rifier que les signataires jouissent de tous les droits civils et politiques, ajoute le communiqu\u00e9.<\/p>\n<p>Le pr\u00e9sident de la commission s\u2019est arr\u00eat\u00e9 sur le contenu de la p\u00e9tition, saluant le grand effort d\u00e9ploy\u00e9 dans sa r\u00e9daction et notant sa profondeur scientifique en se r\u00e9f\u00e9rant aux normes internationales et constitutionnelles, particuli\u00e8rement l\u2019article 19 qui a constitu\u00e9 une grande dynamique soci\u00e9tale dans le domaine de la d\u00e9fense des droits des femmes, et dont cette p\u00e9tition fait partie de ses fruits.<\/p>\n<p>Selon M. El Abdi, la d\u00e9cision de tenir la r\u00e9union s\u2019inscrit, d\u2019une part, dans le cadre de l\u2019ouverture aux p\u00e9titionnaires, et d\u2019autre part, il est question d\u2019\u00e9couter leur arguments et clarifications afin de constituer une vision d\u2019ensemble, d\u2019enrichir les discussions ult\u00e9rieures dans le contexte de la proc\u00e9dure d\u2019examen.<\/p>\n<p>La pr\u00e9sidente du groupe de travail th\u00e9matique charg\u00e9 de la parit\u00e9 et de l\u2019\u00e9galit\u00e9, Fatim Zahra Nazih, a de son c\u00f4t\u00e9 relev\u00e9 que la croyance en la parit\u00e9 est en lien \u00e9troit avec la d\u00e9fense et le plaidoyer constant des m\u00e9canismes qui sont \u00e0 m\u00eame de r\u00e9pondre \u00e0 cette demande.<\/p>\n<p>Elle a ajout\u00e9 que la Constitution a \u00e9dict\u00e9 la mise en place du principe de parit\u00e9 et a pr\u00e9vu la cr\u00e9ation de l\u2019autorit\u00e9 charg\u00e9e de la parit\u00e9 et de la lutte contre toutes les formes de discrimination, par la haute volont\u00e9 royale qui affirme l\u2019\u00e9galit\u00e9 entre les hommes et les femmes.<\/p>\n<p>Les membres du comit\u00e9 de pr\u00e9sentation de la p\u00e9tition \u00abParit\u00e9 maintenant\u00bb, pr\u00e9sid\u00e9 par son mandataire Wafaa Hajji, ont pr\u00e9sent\u00e9 la p\u00e9tition dans un cadre de plaidoyer. Cette dynamique, consid\u00e9r\u00e9e sans pr\u00e9c\u00e9dent, a connu l\u2019adh\u00e9sion des forces vives politiques, syndicales, m\u00e9diatiques et culturelles, pour promouvoir l\u2019id\u00e9e de cette p\u00e9tition pr\u00e9sent\u00e9e pour examen.<\/p>\n<p>Il s\u2019agit d\u2019\u00e9laborer une loi-cadre sur la concr\u00e9tisation de la parit\u00e9 entre les hommes et les femmes, de mettre en application l\u2019article 19 de la Constitution, d\u2019\u0153uvrer dans une seconde \u00e9tape \u00e0 \u00e9tablir la parit\u00e9, et parier sur l\u2019adoption du projet \u00e0 l\u2019horizon des prochaines \u00e9lections, poursuit-on.<\/p>\n<p>Parmi les objectifs de la p\u00e9tition figure l\u2019unification de la vision du l\u00e9gislateur sur les droits des femmes et sur la parit\u00e9, qui doit pr\u00e9valoir dans tous les domaines, conform\u00e9ment \u00e0 l\u2019article 19 de la Constitution, de mani\u00e8re \u00e0 surmonter les ambigu\u00eft\u00e9s et confusions qui ont caract\u00e9ris\u00e9 cette vision dans un certain nombre de textes l\u00e9gislatifs.<\/p>\n<p>Dans le cadre du d\u00e9bat ouvert avec les parlementaires, le point a \u00e9t\u00e9 fait concernant la n\u00e9cessit\u00e9 de relancer la dynamique de la lutte des femmes pour parvenir \u00e0 la parit\u00e9, consolider l\u2019autonomisation, et l\u2019ind\u00e9pendance \u00e9conomiques, la conscience politique des femmes, les encourager \u00e0 adh\u00e9rer au processus politique et \u00e0 s\u2019engager dans la cause f\u00e9minine, la mise en place de l\u2019autorit\u00e9 charg\u00e9 de la parit\u00e9.<\/p>\n<p>Les participants ont unanimement convenu de la n\u00e9cessit\u00e9 de passer \u00e0 l\u2019adoption de m\u00e9canismes plus efficients qui imposent l\u2019application de la parit\u00e9 dans tous les aspects de l\u2019encadrement de la pr\u00e9sence des femmes, que ce soit au niveau de la l\u00e9gislation, des institutions ou des politiques publiques, tout en garantissant l\u2019engagement de tous les acteurs de la vie politique, \u00e9conomique, sociale et culturelle \u00e0 adopter la parit\u00e9 comme r\u00e8gle juridique contraignante.<\/p>\n<p>Ils ont aussi appel\u00e9 les partis politiques \u00e0 interagir efficacement avec la question de la parit\u00e9, en encourageant les femmes \u00e0 participer de mani\u00e8re effective aux repr\u00e9sentations politiques, \u00e0 travers la corr\u00e9lation entre la parit\u00e9 avec le pari de la consolidation du choix d\u00e9mocratique, et l\u2019\u00e9volution des mentalit\u00e9s et des pratiques.<\/p>\n<p>Auteur: M&rsquo;hammed rahal<br \/>\n<a href=\"http:\/\/albayane.press.ma\/%EF%BB%BF-la-petition-parite-maintenant-une-premiere-parlementaire-sans-precedent.html\">Cliquez ici pour lire l&rsquo;article depuis sa source.<\/a><\/p>\n","protected":false},"excerpt":{"rendered":"<p>Rencontre de communication \u00e0 Rabat La commission des p\u00e9titions a tenu une r\u00e9union de communication avec les membres du groupe de travail th\u00e9matique charg\u00e9 de la parit\u00e9 et de l\u2019\u00e9galit\u00e9, en pr\u00e9sence des membres du comit\u00e9 de pr\u00e9sentation de la p\u00e9tition \u00ab\u00a0Parit\u00e9 maintenant\u00a0\u00bb dont la commission est saisie. Au cours de cette rencontre, le pr\u00e9sident [&hellip;]<\/p>\n","protected":false},"author":1760,"featured_media":0,"comment_status":"closed","ping_status":"closed","sticky":false,"template":"","format":"standard","meta":{"fifu_image_url":"","fifu_image_alt":"","footnotes":""},"categories":[73,54],"tags":[],"class_list":["post-110884","post","type-post","status-publish","format-standard","hentry","category-actualite","category-maroc"],"_links":{"self":[{"href":"https:\/\/linitiative.ca\/International\/wp-json\/wp\/v2\/posts\/110884","targetHints":{"allow":["GET"]}}],"collection":[{"href":"https:\/\/linitiative.ca\/International\/wp-json\/wp\/v2\/posts"}],"about":[{"href":"https:\/\/linitiative.ca\/International\/wp-json\/wp\/v2\/types\/post"}],"author":[{"embeddable":true,"href":"https:\/\/linitiative.ca\/International\/wp-json\/wp\/v2\/users\/1760"}],"replies":[{"embeddable":true,"href":"https:\/\/linitiative.ca\/International\/wp-json\/wp\/v2\/comments?post=110884"}],"version-history":[{"count":0,"href":"https:\/\/linitiative.ca\/International\/wp-json\/wp\/v2\/posts\/110884\/revisions"}],"wp:attachment":[{"href":"https:\/\/linitiative.ca\/International\/wp-json\/wp\/v2\/media?parent=110884"}],"wp:term":[{"taxonomy":"category","embeddable":true,"href":"https:\/\/linitiative.ca\/International\/wp-json\/wp\/v2\/categories?post=110884"},{"taxonomy":"post_tag","embeddable":true,"href":"https:\/\/linitiative.ca\/International\/wp-json\/wp\/v2\/tags?post=110884"}],"curies":[{"name":"wp","href":"https:\/\/api.w.org\/{rel}","templated":true}]}}