{"id":110885,"date":"2021-02-09T09:50:06","date_gmt":"2021-02-09T14:50:06","guid":{"rendered":"https:\/\/linitiative.ca\/International\/%ef%bb%bfsaison-africa2020-en-france-presentation-zone-franche\/"},"modified":"2021-02-09T09:50:06","modified_gmt":"2021-02-09T14:50:06","slug":"%ef%bb%bfsaison-africa2020-en-france-presentation-zone-franche","status":"publish","type":"post","link":"https:\/\/linitiative.ca\/International\/%ef%bb%bfsaison-africa2020-en-france-presentation-zone-franche\/","title":{"rendered":"\ufeffSaison Africa2020 en France : Pr\u00e9sentation \u00abZone Franche\u00bb"},"content":{"rendered":"<p class=\"c2\"><strong>Organis\u00e9e en partenariat avec ICI, Think Tanger et Doual\u2019art<\/strong><\/p>\n<p><strong>L\u2019exposition \u00ab\u00a0Zone Franche\u00a0\u00bb, manifestation culturelle panafricaine organis\u00e9e dans le cadre de la Saison Africa2020, en partenariat entre l\u2019Institut des Cultures d\u2019Islam (ICI) \u00e0 Paris, Think Tanger et Doual\u2019art, a \u00e9t\u00e9 pr\u00e9sent\u00e9e virtuellement, mercredi, aux m\u00e9dias avant son lancement officiel pr\u00e9vu dans la soir\u00e9e.<\/strong><\/p>\n<p>Cette \u00ab\u00a0aventure\u00a0\u00bb humaine et collective, le fruit d\u2019une collaboration entre l\u2019ICI, \u00e9tablissement culturel de Paris destin\u00e9 \u00e0 faire conna\u00eetre la diversit\u00e9 des cultures d\u2019Islam et leur dynamisme dans la cr\u00e9ation contemporaine, Think Tanger, plateforme culturelle qui explore les enjeux de l\u2019urbanisation de la ville du D\u00e9troit, et Doual\u2019art, un centre bas\u00e9 \u00e0 Douala (Cameroun), se poursuivra jusqu\u2019au 1er ao\u00fbt.<\/p>\n<p>Pour ce grand projet \u201cpanafricain et pluridimensionnel\u201d qui concerne tous les champs de l\u2019activit\u00e9 humaine, selon ses initiateurs, les trois organismes artistiques, anim\u00e9s par un m\u00eame d\u00e9sir d\u2019interagir avec les \u00e9cosyst\u00e8mes urbains qui les ont vus na\u00eetre, ont f\u00e9d\u00e9r\u00e9 leurs efforts pour offrir au grand public une grande manifestation \u00e0 la programmation riche et diversifi\u00e9e.<br \/>\u00c0 partir des t\u00e9moignages de cr\u00e9ateurs artistiques dont les Marocains Mariam Abouzid Souali, Mohamed Arejdal, Hicham Gardaf, Randa Maroufi, Salim Bayri et Fatiha Zemmouri, et experts locaux, les promoteurs de cet \u00e9v\u00e9nement affirment mettre \u00e0 la disposition des visiteurs une exposition prenant la forme d\u2019un espace po\u00e9tique et symbolique autonome.<\/p>\n<p>Avec \u201cZone Franche\u201d, l\u2019ICI, situ\u00e9 dans le c\u00e9l\u00e8bre quartier parisien de la Goutte d\u2019Or, s\u2019\u00e9rige d\u00e9sormais en \u00ab\u00a0Quartier g\u00e9n\u00e9ral de la Saison Africa 2020\u00a0\u00bb, a d\u00e9clar\u00e9 la directrice de l\u2019Institut des culture de l\u2019Islam, St\u00e9phanie Chazalon, lors de la pr\u00e9sentation de l\u2019exposition et de la visite virtuelle consacr\u00e9e aux m\u00e9dias.<\/p>\n<p>A cette occasion, une cinquantaine d\u2019\u00e9v\u00e9nements vont rythmer cette manifestation culturelle majeure avec au programme des concerts, spectacles vivants, films, conf\u00e9rences, contes, activit\u00e9s pour le jeune public, ateliers de pratique artistique et visites th\u00e9matiques de la Goutte d\u2019Or, pour mettre \u00e0 l\u2019honneur les artistes du continent africain et leur regard sur le monde, a soulign\u00e9 Mme Chazalon.<\/p>\n<p>De son c\u00f4t\u00e9, N\u2019Gon\u00e9 Fall, commissaire g\u00e9n\u00e9rale de la saison Africa2020 est revenue sur cet \u00e9v\u00e9nement phare, initialement pr\u00e9vu de juin \u00e0 d\u00e9cembre 2020 avant d\u2019\u00eatre report\u00e9 de d\u00e9cembre 2020 jusqu\u2019au mois de juillet 2021, en raison du Covid-19, relevant qu\u2019une quinzaine de quartiers g\u00e9n\u00e9raux ont \u00e9t\u00e9 mis en place dans l\u2019hexagone ainsi que dans les territoires d\u2019outre-mer dans le cadre de cette c\u00e9l\u00e9bration \u201cgrand projet panafricain, pluridisciplinaire centr\u00e9 sur l\u2019innovation dans les arts, les sciences et l\u2019entreprenariat\u201d et qui concerne tous les champs de l\u2019activit\u00e9 humaine.<\/p>\n<p>Il s\u2019agit d\u2019un projet port\u00e9 exclusivement par la soci\u00e9t\u00e9 civile d\u00e9di\u00e9 cette ann\u00e9e exclusivement \u00e0 la jeunesse, fait honneur aux femmes et met l\u2019humain au centre de son propos, a-t-elle dit, notant qu\u2019il permet aux Africains de parler aux Africains en France.<\/p>\n<p>Pour sa part, Hicham Bouzid, de Think Tanger, l\u2019un des commissaires de l\u2019exposition et directeur artistique, s\u2019est attard\u00e9 sur la gen\u00e8se de ce projet collaboratif, faisant remarquer que l\u2019adh\u00e9sion de sa structure \u00e0 cette id\u00e9e part de la nature du travail que m\u00e8ne Think Tanger sur les questions de la mutation urbaine et comment la ville est impact\u00e9e par les politiques urbaines en cours depuis des ann\u00e9es.<\/p>\n<p>Selon lui, la ville du D\u00e9troit fait \u00e9cho \u00e0 ce qui se passe au niveau africain en termes de m\u00e9tamorphose urbaine, relevant que cette manifestation traduit les diff\u00e9rentes r\u00e9flexions men\u00e9es au sujet de la transformation urbaine au niveau continental et panafricain.<\/p>\n<p>B\u00e9r\u00e9nice Saliou, de l\u2019ICI, co-commissaire et directrice artistique de l\u2019exposition, a relev\u00e9 pour sa part que l\u2019Institut devient le temps de cette exposition un quartier g\u00e9n\u00e9ral panafricain, d\u00e9j\u00e0 \u00e0 travers la collaboration avec les diff\u00e9rentes structures engag\u00e9es dans sa conception, relevant que cet \u00e9v\u00e9nement permettra de d\u00e9gager et de croiser, entre autres, le regard dont les artistes et cr\u00e9ateurs africains ont de leur continent.<\/p>\n<p>De son c\u00f4t\u00e9, Amina Mourid, de Think Tanger, l\u2019autre co-commissaire de l\u2019exposition et sa directrice artistique, a relev\u00e9 que cette exposition a d\u00e9j\u00e0 influenc\u00e9 la vie culturelle de ville du D\u00e9troit du point de vu des connexions avec les artistes, mais aussi du point de vu de tout ce qui va \u00eatre inject\u00e9 dans la r\u00e9flexion de la structure en terme de mode de production, de co-production, notant que durant les prochains mois, le travail de Think Tanger sera impr\u00e9gn\u00e9 de cette exposition.<\/p>\n<p>Con\u00e7ue autour des grands d\u00e9fis du 21\u00e8me si\u00e8cle, la Saison Africa2020, une initiative du Pr\u00e9sident fran\u00e7ais Emmanuel Macron mise en oeuvre par l\u2019Institut fran\u00e7ais, a pour ambition de pr\u00e9senter les points de vue de la soci\u00e9t\u00e9 civile du continent et de sa diaspora r\u00e9cente dans tous les secteurs d\u2019activit\u00e9.<\/p>\n<p>Artistes, scientifiques, intellectuels et entrepreneurs africains vont partager, durant cet \u00e9v\u00e9nement hors norme, avec le public fran\u00e7ais une s\u00e9rie de questionnements sur l\u2019\u00e9tat de l\u2019Afrique et des soci\u00e9t\u00e9s contemporaines.<\/p>\n<p>Cr\u00e9\u00e9 en 2016 et bas\u00e9e au sein de l\u2019Atelier Kissaria, nich\u00e9 au c\u0153ur de la ville, au Grand Socco, Think Tanger est une plateforme culturelle qui explore et exp\u00e9rimente les multiples enjeux sociaux et spatiaux de l\u2019urbanisation de la ville de Tanger, \u00e0 travers des programmes \u00e0 la crois\u00e9e de plusieurs pratiques : arts visuels, design, graphisme, recherches participatives et pratiques urbaines.<\/p>\n<p>Elle agit comme interm\u00e9diaire entre les acteurs sociaux et \u00e9conomiques, et entre la population et les artistes locaux et internationaux et \u0153uvre en vue de co-cr\u00e9er les conditions d\u2019\u00e9mergence d\u2019un environnement urbain r\u00e9silient.<\/p>\n<p>Cr\u00e9e en 1991, Doual\u2019art voit dans la cr\u00e9ation artistique et culturelle un v\u00e9ritable potentiel pour bousculer le d\u00e9veloppement social, ainsi qu\u2019un moyen de lutte efficace contre la pauvret\u00e9 et pour le renforcement de la libert\u00e9 d\u2019expression et de la coh\u00e9sion sociale au Cameroun.<\/p>\n<p>L\u2019objectif du centre est de soutenir la production artistique contemporaine au Cameroun, par le biais d\u2019expositions, d\u2019ateliers et de s\u00e9minaires, et de contribuer, par un positionnement participatif, au d\u00e9veloppement d\u2019une identit\u00e9 culturelle et d\u2019une conscience esth\u00e9tique collective de la population \u00e0 Douala. Depuis 2007, Doual\u2019art organise tous les trois ans le Salon urbain de Douala (SUD), un festival pour l\u2019art dans les espaces publics, qui attire l\u2019attention sur le plan transr\u00e9gional et international.<\/p>\n<p>Auteur: M&rsquo;hammed rahal<br \/>\n<a href=\"http:\/\/albayane.press.ma\/%EF%BB%BFsaison-africa2020-en-france-presentation-zone-franche.html\">Cliquez ici pour lire l&rsquo;article depuis sa source.<\/a><\/p>\n","protected":false},"excerpt":{"rendered":"<p>Organis\u00e9e en partenariat avec ICI, Think Tanger et Doual\u2019art L\u2019exposition \u00ab\u00a0Zone Franche\u00a0\u00bb, manifestation culturelle panafricaine organis\u00e9e dans le cadre de la Saison Africa2020, en partenariat entre l\u2019Institut des Cultures d\u2019Islam (ICI) \u00e0 Paris, Think Tanger et Doual\u2019art, a \u00e9t\u00e9 pr\u00e9sent\u00e9e virtuellement, mercredi, aux m\u00e9dias avant son lancement officiel pr\u00e9vu dans la soir\u00e9e. Cette \u00ab\u00a0aventure\u00a0\u00bb humaine [&hellip;]<\/p>\n","protected":false},"author":1760,"featured_media":0,"comment_status":"closed","ping_status":"closed","sticky":false,"template":"","format":"standard","meta":{"fifu_image_url":"","fifu_image_alt":"","footnotes":""},"categories":[73,54],"tags":[],"class_list":["post-110885","post","type-post","status-publish","format-standard","hentry","category-actualite","category-maroc"],"_links":{"self":[{"href":"https:\/\/linitiative.ca\/International\/wp-json\/wp\/v2\/posts\/110885","targetHints":{"allow":["GET"]}}],"collection":[{"href":"https:\/\/linitiative.ca\/International\/wp-json\/wp\/v2\/posts"}],"about":[{"href":"https:\/\/linitiative.ca\/International\/wp-json\/wp\/v2\/types\/post"}],"author":[{"embeddable":true,"href":"https:\/\/linitiative.ca\/International\/wp-json\/wp\/v2\/users\/1760"}],"replies":[{"embeddable":true,"href":"https:\/\/linitiative.ca\/International\/wp-json\/wp\/v2\/comments?post=110885"}],"version-history":[{"count":0,"href":"https:\/\/linitiative.ca\/International\/wp-json\/wp\/v2\/posts\/110885\/revisions"}],"wp:attachment":[{"href":"https:\/\/linitiative.ca\/International\/wp-json\/wp\/v2\/media?parent=110885"}],"wp:term":[{"taxonomy":"category","embeddable":true,"href":"https:\/\/linitiative.ca\/International\/wp-json\/wp\/v2\/categories?post=110885"},{"taxonomy":"post_tag","embeddable":true,"href":"https:\/\/linitiative.ca\/International\/wp-json\/wp\/v2\/tags?post=110885"}],"curies":[{"name":"wp","href":"https:\/\/api.w.org\/{rel}","templated":true}]}}