{"id":110889,"date":"2021-02-09T06:10:30","date_gmt":"2021-02-09T11:10:30","guid":{"rendered":"https:\/\/linitiative.ca\/International\/le-ministere-des-finances-appelle-les-personnes-physiques-et-morales-a-regulariser-leurs-situations-fiscales\/"},"modified":"2021-02-09T06:10:30","modified_gmt":"2021-02-09T11:10:30","slug":"le-ministere-des-finances-appelle-les-personnes-physiques-et-morales-a-regulariser-leurs-situations-fiscales","status":"publish","type":"post","link":"https:\/\/linitiative.ca\/International\/le-ministere-des-finances-appelle-les-personnes-physiques-et-morales-a-regulariser-leurs-situations-fiscales\/","title":{"rendered":"Le minist\u00e8re des Finances appelle les personnes physiques et morales \u00e0 r\u00e9gulariser leurs situations fiscales"},"content":{"rendered":"<div class=\"td-post-content\">\n<h2>Le minist\u00e8re de\u00a0<a href=\"https:\/\/www.facebook.com\/MFTunisie\">l\u2019Economie<\/a>, des Finances et d\u2019appui \u00e0 l\u2019investissement appelle<\/h2>\n<h2>\u00e0 la r\u00e9gularisation des dossiers des personnes physiques et morales.<\/h2>\n<h2>Lesquelles auraient accus\u00e9 des retards dans le d\u00e9p\u00f4t de leurs\u00a0<a href=\"http:\/\/www.leconomistemaghrebin.com\/2020\/07\/21\/nizar-yaiche-presente-67-mesures-financieres-fiscales-sociales\/\">d\u00e9clarations<\/a><\/h2>\n<p>Le minist\u00e8re des Finances appelle, ce mardi, \u00e0 r\u00e9gulariser toutes les situations. Et ce, en contactant la recette des finances territorialement comp\u00e9tente. De m\u00eame qu\u2019\u00e0 travers le syst\u00e8me de la t\u00e9l\u00e9-d\u00e9claration et du t\u00e9l\u00e9-paiement pour les adh\u00e9rents. Et ce, afin\u00a0\u00bb d\u2019\u00e9viter les proc\u00e9dures l\u00e9gales que pourraient g\u00e9n\u00e9rer ces retards\u00a0\u00bb.<\/p>\n<p class=\"news_item_view_plain_text\">Pour plus de renseignements, les personnes concern\u00e9es peuvent contacter les services de contr\u00f4le des imp\u00f4ts territorialement comp\u00e9tents. Ou le Centre d\u2019informations fiscales \u00e0 distance, au num\u00e9ro suivant : 81100400.<\/p>\n<p>Avec TAP<\/p>\n<\/div>\n<footer>\n<\/footer>\n<div class=\"wp-post-author-wrap wp-post-author-shortcode left\">\n<h3 class=\"awpa-title\"\/>\n<div class=\"wp-post-author\">\n<div class=\"awpa-img awpa-author-block square\"><a href=\"http:\/\/lexpertjournal.net\/fr\/?author=5\"><img loading=\"lazy\" decoding=\"async\" alt=\"\" src=\"http:\/\/0.gravatar.com\/avatar\/97f8e10a1c1125ba104a76514ee07b16?s=150&amp;d=mm&amp;r=g\" srcset=\"http:\/\/0.gravatar.com\/avatar\/97f8e10a1c1125ba104a76514ee07b16?s=300&amp;d=mm&amp;r=g 2x\" class=\"avatar avatar-150 photo\" height=\"150\" width=\"150\"\/><\/a><\/div>\n<\/div>\n<\/div>\n<aside class=\"mashsb-container mashsb-main mashsb-stretched\">\n<\/aside>\n<p>Auteur: L&rsquo;expert<br \/>\n<a href=\"http:\/\/lexpertjournal.net\/fr\/?p=18585\">Cliquez ici pour lire l&rsquo;article depuis sa source.<\/a><\/p>\n","protected":false},"excerpt":{"rendered":"<p>Le minist\u00e8re de\u00a0l\u2019Economie, des Finances et d\u2019appui \u00e0 l\u2019investissement appelle \u00e0 la r\u00e9gularisation des dossiers des personnes physiques et morales. Lesquelles auraient accus\u00e9 des retards dans le d\u00e9p\u00f4t de leurs\u00a0d\u00e9clarations Le minist\u00e8re des Finances appelle, ce mardi, \u00e0 r\u00e9gulariser toutes les situations. Et ce, en contactant la recette des finances territorialement comp\u00e9tente. De m\u00eame qu\u2019\u00e0 [&hellip;]<\/p>\n","protected":false},"author":1775,"featured_media":0,"comment_status":"closed","ping_status":"closed","sticky":false,"template":"","format":"standard","meta":{"fifu_image_url":"http:\/\/0.gravatar.com\/avatar\/97f8e10a1c1125ba104a76514ee07b16?s=150&d=mm&r=g","fifu_image_alt":"Le minist\u00e8re des Finances appelle les personnes physiques et morales \u00e0 r\u00e9gulariser leurs situations fiscales","footnotes":""},"categories":[78,55],"tags":[],"class_list":["post-110889","post","type-post","status-publish","format-standard","hentry","category-economie","category-tunisie"],"_links":{"self":[{"href":"https:\/\/linitiative.ca\/International\/wp-json\/wp\/v2\/posts\/110889","targetHints":{"allow":["GET"]}}],"collection":[{"href":"https:\/\/linitiative.ca\/International\/wp-json\/wp\/v2\/posts"}],"about":[{"href":"https:\/\/linitiative.ca\/International\/wp-json\/wp\/v2\/types\/post"}],"author":[{"embeddable":true,"href":"https:\/\/linitiative.ca\/International\/wp-json\/wp\/v2\/users\/1775"}],"replies":[{"embeddable":true,"href":"https:\/\/linitiative.ca\/International\/wp-json\/wp\/v2\/comments?post=110889"}],"version-history":[{"count":0,"href":"https:\/\/linitiative.ca\/International\/wp-json\/wp\/v2\/posts\/110889\/revisions"}],"wp:attachment":[{"href":"https:\/\/linitiative.ca\/International\/wp-json\/wp\/v2\/media?parent=110889"}],"wp:term":[{"taxonomy":"category","embeddable":true,"href":"https:\/\/linitiative.ca\/International\/wp-json\/wp\/v2\/categories?post=110889"},{"taxonomy":"post_tag","embeddable":true,"href":"https:\/\/linitiative.ca\/International\/wp-json\/wp\/v2\/tags?post=110889"}],"curies":[{"name":"wp","href":"https:\/\/api.w.org\/{rel}","templated":true}]}}