{"id":110892,"date":"2021-02-09T04:30:00","date_gmt":"2021-02-09T09:30:00","guid":{"rendered":"https:\/\/linitiative.ca\/International\/entre-optimisme-et-prudence-chez-les-defenseurs-des-droits-de-lhomme\/"},"modified":"2021-02-09T04:30:00","modified_gmt":"2021-02-09T09:30:00","slug":"entre-optimisme-et-prudence-chez-les-defenseurs-des-droits-de-lhomme","status":"publish","type":"post","link":"https:\/\/linitiative.ca\/International\/entre-optimisme-et-prudence-chez-les-defenseurs-des-droits-de-lhomme\/","title":{"rendered":"Entre optimisme et prudence chez les d\u00e9fenseurs des droits de l\u2019Homme"},"content":{"rendered":"<div id=\"originalText\" readability=\"101\">\n<p>Le parquet a, en effet, annonc\u00e9 avoir \u201cordonn\u00e9 au procureur de la R\u00e9publique pr\u00e8s le tribunal de Bir Mourad-Ra\u00efs d&rsquo;instruire une enqu\u00eate pr\u00e9liminaire sur les faits avanc\u00e9s par le citoyen Walid Nekkiche et charg\u00e9 la police judiciaire comp\u00e9tente de cette mission\u201d. Eu \u00e9gard \u00e0 l\u2019indignation soulev\u00e9e aupr\u00e8s de l\u2019opinion par les r\u00e9v\u00e9lations du jeune \u00e9tudiant, les r\u00e9actions \u00e0 l\u2019annonce du parquet sont \u201cprudentes\u201d, parfois \u201cm\u00e9fiantes\u201d.<\/p>\n<p>C\u2019est le cas de Sa\u00efd Salhi, vice-pr\u00e9sident d\u2019une aile de la Ligue alg\u00e9rienne pour la d\u00e9fense des droits de l\u2019Homme (Laddh), qui note avoir pris \u201cacte\u201d et annonce que l\u2019ONG \u201ccontinuera \u00e0 suivre de pr\u00e8s ce dossier, jusqu&rsquo;\u00e0 ce que la v\u00e9rit\u00e9 soit \u00e9tablie et que justice soit faite\u201d.\u00a0<\/p>\n<p>Mais dans l\u2019ensemble, l\u2019ouverture de cette enqu\u00eate est plut\u00f4t bien accueillie, malgr\u00e9 des r\u00e9serves. Sur les r\u00e9seaux sociaux, beaucoup rappellent qu\u2019il s\u2019agit l\u00e0 d\u2019une premi\u00e8re du genre, tandis que d\u2019autres n\u2019h\u00e9sitent pas \u00e0 soutenir que les autorit\u00e9s avaient d\u00e9j\u00e0 annonc\u00e9, par le pass\u00e9, l\u2019ouverture de plusieurs enqu\u00eates, administratives ou judiciaires, mais dont les r\u00e9sultats sont rest\u00e9s pour la plupart dans les tiroirs.<\/p>\n<p>Et parfois jamais divulgu\u00e9s. C\u2019est pour cela d\u2019ailleurs, que l\u2019avocat Abdelghani Badi, qui a enregistr\u00e9 une vid\u00e9o o\u00f9 il explique notamment les d\u00e9tails des s\u00e9vices subis par Walid Nekkiche, \u00e9voque la n\u00e9cessit\u00e9 de \u201cconstituer une commission d\u2019enqu\u00eate ind\u00e9pendante\u201d pour \u00e9lucider ce genre d\u2019affaires car \u201cil n\u2019y a pas que Walid Nekkiche\u201d, selon lui.<\/p>\n<p>Le juriste raconte que plusieurs cas de torture sont signal\u00e9s par des personnes arr\u00eat\u00e9es dans plusieurs r\u00e9gions du pays. Cela \u201ctouche toutes les cat\u00e9gories\u201d et concerne \u201cm\u00eame les jeunes arr\u00eat\u00e9s pour trafic de drogue\u201d. D\u2019apr\u00e8s lui, les accusations concernent \u00e9galement tous \u201cles corps de s\u00e9curit\u00e9\u201d et pense que \u201ccela est devenu syst\u00e9matique pour certains agents\u201d. Mais \u201cle plus inqui\u00e9tant\u201d est que \u201cdes plaintes ne sont pas enregistr\u00e9es\u201d, a-t-il indiqu\u00e9.<\/p>\n<p>D\u2019ailleurs, les avocats de Walid Nekkiche ont d\u00e9j\u00e0 introduit une demande d\u2019expertise m\u00e9dicale refus\u00e9e par le parquet tout comme la plainte pour \u201ctortures et s\u00e9vices\u201d corporels d\u00e9pos\u00e9e en juillet 2020 et qui a \u00e9t\u00e9 rejet\u00e9e par le juge d\u2019instruction. \u201cLes faits remontant \u00e0 14 mois, il est probablement difficile de retrouver des traces\u201d, indique l\u2019avocat. Beaucoup de d\u00e9tenus d\u00e9noncent r\u00e9guli\u00e8rement des cas de torture ou de maltraitance.<\/p>\n<p>Souvent, les concern\u00e9s t\u00e9moignent devant des juges lesquels n\u2019en tiennent m\u00eame pas compte. Pourtant, l\u2019article 2 de la Convention mondiale contre la torture, paraph\u00e9e par l\u2019Alg\u00e9rie, oblige les responsables \u00e0 \u201couvrir obligatoirement une enqu\u00eate\u201d d\u00e8s que l\u2019information portant sur des actes de torture \u201cleur parvient\u201d.<\/p>\n<p>Mais cela se fait tr\u00e8s rarement, d\u00e9noncent souvent les avocats et d\u00e9fenseurs des droits de l\u2019Homme. Pour \u00e9viter de tels cas, des avocats et activistes pr\u00e9parent la constitution d\u2019un comit\u00e9 national contre la torture et les maltraitances. L\u2019annonce interviendra dans les prochains jours, apprend-on de diff\u00e9rentes sources.<\/p>\n<p class=\"c6\"><strong>Ali Boukhlef<\/strong><\/p>\n<\/div>\n<div id=\"text_core\" readability=\"101\">\n<p>Le parquet a, en effet, annonc\u00e9 avoir \u201cordonn\u00e9 au procureur de la R\u00e9publique pr\u00e8s le tribunal de Bir Mourad-Ra\u00efs d&rsquo;instruire une enqu\u00eate pr\u00e9liminaire sur les faits avanc\u00e9s par le citoyen Walid Nekkiche et charg\u00e9 la police judiciaire comp\u00e9tente de cette mission\u201d. Eu \u00e9gard \u00e0 l\u2019indignation soulev\u00e9e aupr\u00e8s de l\u2019opinion par les r\u00e9v\u00e9lations du jeune \u00e9tudiant, les r\u00e9actions \u00e0 l\u2019annonce du parquet sont \u201cprudentes\u201d, parfois \u201cm\u00e9fiantes\u201d.<\/p>\n<p>C\u2019est le cas de Sa\u00efd Salhi, vice-pr\u00e9sident d\u2019une aile de la Ligue alg\u00e9rienne pour la d\u00e9fense des droits de l\u2019Homme (Laddh), qui note avoir pris \u201cacte\u201d et annonce que l\u2019ONG \u201ccontinuera \u00e0 suivre de pr\u00e8s ce dossier, jusqu&rsquo;\u00e0 ce que la v\u00e9rit\u00e9 soit \u00e9tablie et que justice soit faite\u201d.\u00a0<\/p>\n<p>Mais dans l\u2019ensemble, l\u2019ouverture de cette enqu\u00eate est plut\u00f4t bien accueillie, malgr\u00e9 des r\u00e9serves. Sur les r\u00e9seaux sociaux, beaucoup rappellent qu\u2019il s\u2019agit l\u00e0 d\u2019une premi\u00e8re du genre, tandis que d\u2019autres n\u2019h\u00e9sitent pas \u00e0 soutenir que les autorit\u00e9s avaient d\u00e9j\u00e0 annonc\u00e9, par le pass\u00e9, l\u2019ouverture de plusieurs enqu\u00eates, administratives ou judiciaires, mais dont les r\u00e9sultats sont rest\u00e9s pour la plupart dans les tiroirs.<\/p>\n<p>Et parfois jamais divulgu\u00e9s. C\u2019est pour cela d\u2019ailleurs, que l\u2019avocat Abdelghani Badi, qui a enregistr\u00e9 une vid\u00e9o o\u00f9 il explique notamment les d\u00e9tails des s\u00e9vices subis par Walid Nekkiche, \u00e9voque la n\u00e9cessit\u00e9 de \u201cconstituer une commission d\u2019enqu\u00eate ind\u00e9pendante\u201d pour \u00e9lucider ce genre d\u2019affaires car \u201cil n\u2019y a pas que Walid Nekkiche\u201d, selon lui.<\/p>\n<p>Le juriste raconte que plusieurs cas de torture sont signal\u00e9s par des personnes arr\u00eat\u00e9es dans plusieurs r\u00e9gions du pays. Cela \u201ctouche toutes les cat\u00e9gories\u201d et concerne \u201cm\u00eame les jeunes arr\u00eat\u00e9s pour trafic de drogue\u201d. D\u2019apr\u00e8s lui, les accusations concernent \u00e9galement tous \u201cles corps de s\u00e9curit\u00e9\u201d et pense que \u201ccela est devenu syst\u00e9matique pour certains agents\u201d. Mais \u201cle plus inqui\u00e9tant\u201d est que \u201cdes plaintes ne sont pas enregistr\u00e9es\u201d, a-t-il indiqu\u00e9.<\/p>\n<p>D\u2019ailleurs, les avocats de Walid Nekkiche ont d\u00e9j\u00e0 introduit une demande d\u2019expertise m\u00e9dicale refus\u00e9e par le parquet tout comme la plainte pour \u201ctortures et s\u00e9vices\u201d corporels d\u00e9pos\u00e9e en juillet 2020 et qui a \u00e9t\u00e9 rejet\u00e9e par le juge d\u2019instruction. \u201cLes faits remontant \u00e0 14 mois, il est probablement difficile de retrouver des traces\u201d, indique l\u2019avocat. Beaucoup de d\u00e9tenus d\u00e9noncent r\u00e9guli\u00e8rement des cas de torture ou de maltraitance.<\/p>\n<p>Souvent, les concern\u00e9s t\u00e9moignent devant des juges lesquels n\u2019en tiennent m\u00eame pas compte. Pourtant, l\u2019article 2 de la Convention mondiale contre la torture, paraph\u00e9e par l\u2019Alg\u00e9rie, oblige les responsables \u00e0 \u201couvrir obligatoirement une enqu\u00eate\u201d d\u00e8s que l\u2019information portant sur des actes de torture \u201cleur parvient\u201d.<\/p>\n<p>Mais cela se fait tr\u00e8s rarement, d\u00e9noncent souvent les avocats et d\u00e9fenseurs des droits de l\u2019Homme. Pour \u00e9viter de tels cas, des avocats et activistes pr\u00e9parent la constitution d\u2019un comit\u00e9 national contre la torture et les maltraitances. L\u2019annonce interviendra dans les prochains jours, apprend-on de diff\u00e9rentes sources.<\/p>\n<p class=\"c6\"><strong>Ali Boukhlef<\/strong><\/p>\n<\/div>\n<p>Auteur:<br \/>\n<a href=\"https:\/\/www.liberte-algerie.com\/actualite\/entre-optimisme-et-prudence-chez-les-defenseurs-des-droits-de-lhomme-353795\">Cliquez ici pour lire l&rsquo;article depuis sa source.<\/a><\/p>\n","protected":false},"excerpt":{"rendered":"<p>Le parquet a, en effet, annonc\u00e9 avoir \u201cordonn\u00e9 au procureur de la R\u00e9publique pr\u00e8s le tribunal de Bir Mourad-Ra\u00efs d&rsquo;instruire une enqu\u00eate pr\u00e9liminaire sur les faits avanc\u00e9s par le citoyen Walid Nekkiche et charg\u00e9 la police judiciaire comp\u00e9tente de cette mission\u201d. Eu \u00e9gard \u00e0 l\u2019indignation soulev\u00e9e aupr\u00e8s de l\u2019opinion par les r\u00e9v\u00e9lations du jeune \u00e9tudiant, [&hellip;]<\/p>\n","protected":false},"author":1742,"featured_media":0,"comment_status":"closed","ping_status":"closed","sticky":false,"template":"","format":"standard","meta":{"fifu_image_url":"","fifu_image_alt":"","footnotes":""},"categories":[73,53],"tags":[],"class_list":["post-110892","post","type-post","status-publish","format-standard","hentry","category-actualite","category-algerie"],"_links":{"self":[{"href":"https:\/\/linitiative.ca\/International\/wp-json\/wp\/v2\/posts\/110892","targetHints":{"allow":["GET"]}}],"collection":[{"href":"https:\/\/linitiative.ca\/International\/wp-json\/wp\/v2\/posts"}],"about":[{"href":"https:\/\/linitiative.ca\/International\/wp-json\/wp\/v2\/types\/post"}],"author":[{"embeddable":true,"href":"https:\/\/linitiative.ca\/International\/wp-json\/wp\/v2\/users\/1742"}],"replies":[{"embeddable":true,"href":"https:\/\/linitiative.ca\/International\/wp-json\/wp\/v2\/comments?post=110892"}],"version-history":[{"count":0,"href":"https:\/\/linitiative.ca\/International\/wp-json\/wp\/v2\/posts\/110892\/revisions"}],"wp:attachment":[{"href":"https:\/\/linitiative.ca\/International\/wp-json\/wp\/v2\/media?parent=110892"}],"wp:term":[{"taxonomy":"category","embeddable":true,"href":"https:\/\/linitiative.ca\/International\/wp-json\/wp\/v2\/categories?post=110892"},{"taxonomy":"post_tag","embeddable":true,"href":"https:\/\/linitiative.ca\/International\/wp-json\/wp\/v2\/tags?post=110892"}],"curies":[{"name":"wp","href":"https:\/\/api.w.org\/{rel}","templated":true}]}}