{"id":110893,"date":"2021-02-09T04:30:00","date_gmt":"2021-02-09T09:30:00","guid":{"rendered":"https:\/\/linitiative.ca\/International\/la-mobilisation-et-la-solidarite-doivent-etre-maintenues\/"},"modified":"2021-02-09T04:30:00","modified_gmt":"2021-02-09T09:30:00","slug":"la-mobilisation-et-la-solidarite-doivent-etre-maintenues","status":"publish","type":"post","link":"https:\/\/linitiative.ca\/International\/la-mobilisation-et-la-solidarite-doivent-etre-maintenues\/","title":{"rendered":"\u201cLa mobilisation et la solidarit\u00e9 doivent \u00eatre maintenues\u201d"},"content":{"rendered":"<div id=\"originalText\" readability=\"72\">\n<p>Les r\u00e9v\u00e9lations sur la torture qu\u2019a subie le jeune \u00e9tudiant Walid Nekkiche, lors de son proc\u00e8s pr\u00e8s le tribunal de Dar El-Be\u00efda le 1er f\u00e9vrier dernier, continuent de susciter des r\u00e9actions, notamment apr\u00e8s le communiqu\u00e9, dimanche soir, du parquet g\u00e9n\u00e9ral ordonnant l\u2019ouverture d\u2019une enqu\u00eate sur cette affaire qui a choqu\u00e9 m\u00eame au-del\u00e0 de nos fronti\u00e8res.<\/p>\n<p>Les Jeunes progressistes du Rassemblement pour la culture et la d\u00e9mocratie (RCD) ont estim\u00e9 hier que \u201cla mobilisation et la solidarit\u00e9 qui ont pr\u00e9valu jusque-l\u00e0 doivent \u00eatre maintenues et amplifi\u00e9es pour que cette enqu\u00eate ne soit pas d\u00e9voy\u00e9e comme \u00e0 l&rsquo;accoutum\u00e9e\u201d. Pour les JP du RCD, \u201cl\u2019annonce de l&rsquo;ouverture officielle d&rsquo;une enqu\u00eate est le fruit de la large mobilisation pour d\u00e9noncer un syst\u00e8me s\u00e9curitaire et judiciaire digne d&rsquo;une gouvernance par la terreur\u201d, lit-on dans un communiqu\u00e9 publi\u00e9, hier, en fin de journ\u00e9e.<\/p>\n<p>Walid Nekkiche a \u00e9t\u00e9 arr\u00eat\u00e9 lors d\u2019une manifestation estudiantine \u00e0 Alger le 26 novembre 2019. Accus\u00e9 de \u201ccomplot contre l&rsquo;\u00c9tat\u201d, d\u2019\u201catteinte \u00e0 l&rsquo;int\u00e9grit\u00e9 du territoire national\u201d et d\u2019\u201cincitation de la population \u00e0 prendre les armes\u201d, il a affirm\u00e9 devant la justice avoir \u00e9t\u00e9 victime de torture et de s\u00e9vices sexuels durant les six premiers jours suivant sa mise en d\u00e9tention, le 2 d\u00e9cembre 2019.<\/p>\n<p>Par ailleurs, les Jeunes progressistes du RCD d\u00e9noncent la situation dans laquelle se trouve l\u2019universit\u00e9 alg\u00e9rienne, cons\u00e9quence d\u2019une politique du pouvoir qui \u201ctente le tout pour le tout dans l\u2019espoir d\u2019isoler les luttes des diff\u00e9rentes cat\u00e9gories sociales du pays\u201d, ajoute le communiqu\u00e9.<\/p>\n<p>La mort de la jeune \u00e9tudiante Nac\u00e9ra Bekkouche n\u2019est, pour les JP du RCD, qu\u2019une goutte dans un oc\u00e9an de \u201cpr\u00e9carit\u00e9 et de d\u00e9gradation avanc\u00e9e dans laquelle se retrouvent les r\u00e9sidences universitaires et l&rsquo;universit\u00e9 en g\u00e9n\u00e9ral o\u00f9 les conditions les plus \u00e9l\u00e9mentaires sont quasi inexistantes\u201d.<\/p>\n<p class=\"c6\"><strong>L. Menacer<\/strong><\/p>\n<\/div>\n<div id=\"text_core\" readability=\"72\">\n<p>Les r\u00e9v\u00e9lations sur la torture qu\u2019a subie le jeune \u00e9tudiant Walid Nekkiche, lors de son proc\u00e8s pr\u00e8s le tribunal de Dar El-Be\u00efda le 1er f\u00e9vrier dernier, continuent de susciter des r\u00e9actions, notamment apr\u00e8s le communiqu\u00e9, dimanche soir, du parquet g\u00e9n\u00e9ral ordonnant l\u2019ouverture d\u2019une enqu\u00eate sur cette affaire qui a choqu\u00e9 m\u00eame au-del\u00e0 de nos fronti\u00e8res.<\/p>\n<p>Les Jeunes progressistes du Rassemblement pour la culture et la d\u00e9mocratie (RCD) ont estim\u00e9 hier que \u201cla mobilisation et la solidarit\u00e9 qui ont pr\u00e9valu jusque-l\u00e0 doivent \u00eatre maintenues et amplifi\u00e9es pour que cette enqu\u00eate ne soit pas d\u00e9voy\u00e9e comme \u00e0 l&rsquo;accoutum\u00e9e\u201d. Pour les JP du RCD, \u201cl\u2019annonce de l&rsquo;ouverture officielle d&rsquo;une enqu\u00eate est le fruit de la large mobilisation pour d\u00e9noncer un syst\u00e8me s\u00e9curitaire et judiciaire digne d&rsquo;une gouvernance par la terreur\u201d, lit-on dans un communiqu\u00e9 publi\u00e9, hier, en fin de journ\u00e9e.<\/p>\n<p>Walid Nekkiche a \u00e9t\u00e9 arr\u00eat\u00e9 lors d\u2019une manifestation estudiantine \u00e0 Alger le 26 novembre 2019. Accus\u00e9 de \u201ccomplot contre l&rsquo;\u00c9tat\u201d, d\u2019\u201catteinte \u00e0 l&rsquo;int\u00e9grit\u00e9 du territoire national\u201d et d\u2019\u201cincitation de la population \u00e0 prendre les armes\u201d, il a affirm\u00e9 devant la justice avoir \u00e9t\u00e9 victime de torture et de s\u00e9vices sexuels durant les six premiers jours suivant sa mise en d\u00e9tention, le 2 d\u00e9cembre 2019.<\/p>\n<p>Par ailleurs, les Jeunes progressistes du RCD d\u00e9noncent la situation dans laquelle se trouve l\u2019universit\u00e9 alg\u00e9rienne, cons\u00e9quence d\u2019une politique du pouvoir qui \u201ctente le tout pour le tout dans l\u2019espoir d\u2019isoler les luttes des diff\u00e9rentes cat\u00e9gories sociales du pays\u201d, ajoute le communiqu\u00e9.<\/p>\n<p>La mort de la jeune \u00e9tudiante Nac\u00e9ra Bekkouche n\u2019est, pour les JP du RCD, qu\u2019une goutte dans un oc\u00e9an de \u201cpr\u00e9carit\u00e9 et de d\u00e9gradation avanc\u00e9e dans laquelle se retrouvent les r\u00e9sidences universitaires et l&rsquo;universit\u00e9 en g\u00e9n\u00e9ral o\u00f9 les conditions les plus \u00e9l\u00e9mentaires sont quasi inexistantes\u201d.<\/p>\n<p class=\"c6\"><strong>L. Menacer<\/strong><\/p>\n<\/div>\n<p>Auteur:<br \/>\n<a href=\"https:\/\/www.liberte-algerie.com\/actualite\/la-mobilisation-et-la-solidarite-doivent-etre-maintenues-353794\">Cliquez ici pour lire l&rsquo;article depuis sa source.<\/a><\/p>\n","protected":false},"excerpt":{"rendered":"<p>Les r\u00e9v\u00e9lations sur la torture qu\u2019a subie le jeune \u00e9tudiant Walid Nekkiche, lors de son proc\u00e8s pr\u00e8s le tribunal de Dar El-Be\u00efda le 1er f\u00e9vrier dernier, continuent de susciter des r\u00e9actions, notamment apr\u00e8s le communiqu\u00e9, dimanche soir, du parquet g\u00e9n\u00e9ral ordonnant l\u2019ouverture d\u2019une enqu\u00eate sur cette affaire qui a choqu\u00e9 m\u00eame au-del\u00e0 de nos fronti\u00e8res. [&hellip;]<\/p>\n","protected":false},"author":1742,"featured_media":0,"comment_status":"closed","ping_status":"closed","sticky":false,"template":"","format":"standard","meta":{"fifu_image_url":"","fifu_image_alt":"","footnotes":""},"categories":[73,53],"tags":[],"class_list":["post-110893","post","type-post","status-publish","format-standard","hentry","category-actualite","category-algerie"],"_links":{"self":[{"href":"https:\/\/linitiative.ca\/International\/wp-json\/wp\/v2\/posts\/110893","targetHints":{"allow":["GET"]}}],"collection":[{"href":"https:\/\/linitiative.ca\/International\/wp-json\/wp\/v2\/posts"}],"about":[{"href":"https:\/\/linitiative.ca\/International\/wp-json\/wp\/v2\/types\/post"}],"author":[{"embeddable":true,"href":"https:\/\/linitiative.ca\/International\/wp-json\/wp\/v2\/users\/1742"}],"replies":[{"embeddable":true,"href":"https:\/\/linitiative.ca\/International\/wp-json\/wp\/v2\/comments?post=110893"}],"version-history":[{"count":0,"href":"https:\/\/linitiative.ca\/International\/wp-json\/wp\/v2\/posts\/110893\/revisions"}],"wp:attachment":[{"href":"https:\/\/linitiative.ca\/International\/wp-json\/wp\/v2\/media?parent=110893"}],"wp:term":[{"taxonomy":"category","embeddable":true,"href":"https:\/\/linitiative.ca\/International\/wp-json\/wp\/v2\/categories?post=110893"},{"taxonomy":"post_tag","embeddable":true,"href":"https:\/\/linitiative.ca\/International\/wp-json\/wp\/v2\/tags?post=110893"}],"curies":[{"name":"wp","href":"https:\/\/api.w.org\/{rel}","templated":true}]}}