{"id":110894,"date":"2021-02-09T04:30:00","date_gmt":"2021-02-09T09:30:00","guid":{"rendered":"https:\/\/linitiative.ca\/International\/quatre-ans-de-prison-ferme-requis-contre-laalami\/"},"modified":"2021-02-09T04:30:00","modified_gmt":"2021-02-09T09:30:00","slug":"quatre-ans-de-prison-ferme-requis-contre-laalami","status":"publish","type":"post","link":"https:\/\/linitiative.ca\/International\/quatre-ans-de-prison-ferme-requis-contre-laalami\/","title":{"rendered":"Quatre ans de prison ferme requis contre La\u00e2lami"},"content":{"rendered":"<div id=\"originalText\" readability=\"130\">\n<p><strong>L\u2019activiste est poursuivi pour \u201cdiscrimination et discours de haine\u201d, \u201coutrage \u00e0 corps constitu\u00e9\u201d et \u201cutilisation de la force contre un agent de la force publique\u201d.<\/strong><\/p>\n<p>Alors qu\u2019il n\u2019a toujours pas \u00e9t\u00e9 transf\u00e9r\u00e9 \u00e0 la prison d\u2019El-M\u00e9n\u00e9a et apr\u00e8s avoir refus\u00e9 la semaine pass\u00e9e d\u2019\u00eatre jug\u00e9 en visioconf\u00e9rence, le proc\u00e8s du c\u00e9l\u00e8bre hirakiste Brahim La\u00e2lami, s\u2019est ouvert hier \u00e0 distance, au tribunal correctionnel de Bordj Bou-Arreridj, en l\u2019absence du collectif des avocats de la d\u00e9fense qui ont d\u00e9cid\u00e9 de boycotter l\u2019audience. Les avocats ont justifi\u00e9 leur action par l\u2019absence de conditions pour la tenue d\u2019un proc\u00e8s \u00e9quitable.<\/p>\n<p>Dans son r\u00e9quisitoire, le parquet a requis 4 ans de prison ferme et une amende de 500 000 DA. L\u2019activiste est poursuivi, cette fois-ci, selon le collectif des avocats de la d\u00e9fense, pour \u201cdiscrimination et discours de haine\u2019\u2019, \u201coutrage \u00e0 corps constitu\u00e9s\u201d, \u201cutilisation de la force contre un agent de la force publique\u201d\u2026<\/p>\n<p>Une trentaine d\u2019avocats, venus de plusieurs wilayas du pays, se sont constitu\u00e9s pour la d\u00e9fense b\u00e9n\u00e9volement de ce jeune activiste, alors que devant le tribunal de Bordj Bou-Arreridj o\u00f9 s\u2019est d\u00e9roul\u00e9 le proc\u00e8s, des proches et quelques citoyens se sont regroup\u00e9s pour le soutenir et d\u00e9noncer l\u2019acharnement judiciaire et policier qui, selon eux, cible des dizaines de militants de Bordj Bou-Arr\u00e9ridj depuis le d\u00e9but du confinement, en mars dernier.<\/p>\n<p>Au d\u00e9but du proc\u00e8s, les avocats, en concertation avec leur mandant, ont d\u00e9cid\u00e9 de boycotter le proc\u00e8s et ont d\u00e9nonc\u00e9 dans un communiqu\u00e9, lu avant devant le juge, les atteintes aux libert\u00e9s d\u2019opinion, d\u2019expression et de circulation des citoyens.<\/p>\n<p>\u201cLa Constitution alg\u00e9rienne dans son article 9 garantit le droit d\u2019expression, d\u2019opinion et de circulation\u201d, a affirm\u00e9 un des avocats de la d\u00e9fense. Les robes noires ont m\u00eame d\u00e9cid\u00e9 de \u201cboycotter toutes les audiences concernant les hirakistes au tribunal et \u00e0 la cour de Bordj Bou-Arr\u00e9ridj jusqu\u2019\u00e0 ce que les conditions soient favorables pour des proc\u00e8s \u00e9quitables\u201d, soutient Me Mounir Gherbi.<\/p>\n<p>Pour sa part, Brahim La\u00e2lami, figure du mouvement populaire dans la r\u00e9gion, a tent\u00e9 de se d\u00e9fendre et de donner sa version des faits pour d\u00e9truire les charges qui p\u00e8sent sur lui. \u201cIl encourt en ce moment une condamnation de prison ferme pour ses opinions\u201d, selon Me Zine Boukhari, un autre avocat de la d\u00e9fense.<\/p>\n<p>\u201cC\u2019est de l\u2019acharnement. Les autorit\u00e9s veulent casser la dynamique et en finir d\u00e9finitivement avec les mouvements de protestation \u00e0 Bordj Bou-Arr\u00e9ridj\u201d, d\u00e9nonce, de son c\u00f4t\u00e9, l\u2019avocat et d\u00e9fenseur des droits humains, Me Belkacem Belaabasi.\u201cD\u00e9sormais, toute action est syst\u00e9matiquement r\u00e9prim\u00e9e et expose ses organisateurs \u00e0 la prison, ce que l\u2019on ne voit pas dans d\u2019autres wilayas.\u201d<\/p>\n<p>Le collectif des avocats de la d\u00e9fense, qui a d\u00e9j\u00e0 boycott\u00e9 le 7 f\u00e9vier le proc\u00e8s de 5 activites, tire la sonnette d\u2019alarme sur ce qui se passe \u00e0 Bordj Bou-Arr\u00e9ridj et qualifie les condamnations et les poursuites d\u2019\u201cabus de pouvoir\u201d. \u201cIl y a une volont\u00e9 de d\u00e9structurer le Hirak et surtout une volont\u00e9 de casser toute dynamique constructive pouvant constituer un contre-pouvoir\u201d, d\u00e9nonce-t-il.\u00a0<\/p>\n<p>Pour ce collectif, m\u00eame les relaxes de plusieurs d\u00e9tenus ne font que confirmer le caract\u00e8re arbitraire de leurs poursuites. \u201cElles confirment, plut\u00f4t, l\u2019instrumentalisation de la justice comme moyen de r\u00e9pression contre la lutte politique pacifique\u201d, a estim\u00e9 le collectif.<\/p>\n<p>Arr\u00eat\u00e9 le 8 septembre 2020 en compagnie de ses trois fr\u00e8res et d\u2019un ami devant le domicile familial \u00e0 Bordj Bou-Arr\u00e9ridj, Brahim La\u00e2lami s\u2019appr\u00eatait alors \u00e0 se rendre \u00e0 l\u2019enterrement de l\u2019avocat Tarek Zedam, fauch\u00e9 la veille par une voiture, et apr\u00e8s une manifestation organis\u00e9e la veille dans le village d\u2019Ouled Khelifa dans la commune de Dja\u00e2fra, au nord de Bordj Bou-Arr\u00e9ridj o\u00f9 il \u00e9tait pr\u00e9sent \u00e0 la marche organis\u00e9e pour d\u00e9noncer le placement sous mandat de d\u00e9p\u00f4t de 4 hirakistes de la r\u00e9gion. Le verdict est attendu pour le lundi 15 f\u00e9vrier 2021.<\/p>\n<p class=\"c6\"><strong>Chabane BOUARISSA<\/strong><\/p>\n<\/div>\n<div id=\"text_core\" readability=\"130\">\n<p><strong>L\u2019activiste est poursuivi pour \u201cdiscrimination et discours de haine\u201d, \u201coutrage \u00e0 corps constitu\u00e9\u201d et \u201cutilisation de la force contre un agent de la force publique\u201d.<\/strong><\/p>\n<p>Alors qu\u2019il n\u2019a toujours pas \u00e9t\u00e9 transf\u00e9r\u00e9 \u00e0 la prison d\u2019El-M\u00e9n\u00e9a et apr\u00e8s avoir refus\u00e9 la semaine pass\u00e9e d\u2019\u00eatre jug\u00e9 en visioconf\u00e9rence, le proc\u00e8s du c\u00e9l\u00e8bre hirakiste Brahim La\u00e2lami, s\u2019est ouvert hier \u00e0 distance, au tribunal correctionnel de Bordj Bou-Arreridj, en l\u2019absence du collectif des avocats de la d\u00e9fense qui ont d\u00e9cid\u00e9 de boycotter l\u2019audience. Les avocats ont justifi\u00e9 leur action par l\u2019absence de conditions pour la tenue d\u2019un proc\u00e8s \u00e9quitable.<\/p>\n<p>Dans son r\u00e9quisitoire, le parquet a requis 4 ans de prison ferme et une amende de 500 000 DA. L\u2019activiste est poursuivi, cette fois-ci, selon le collectif des avocats de la d\u00e9fense, pour \u201cdiscrimination et discours de haine\u2019\u2019, \u201coutrage \u00e0 corps constitu\u00e9s\u201d, \u201cutilisation de la force contre un agent de la force publique\u201d\u2026<\/p>\n<p>Une trentaine d\u2019avocats, venus de plusieurs wilayas du pays, se sont constitu\u00e9s pour la d\u00e9fense b\u00e9n\u00e9volement de ce jeune activiste, alors que devant le tribunal de Bordj Bou-Arreridj o\u00f9 s\u2019est d\u00e9roul\u00e9 le proc\u00e8s, des proches et quelques citoyens se sont regroup\u00e9s pour le soutenir et d\u00e9noncer l\u2019acharnement judiciaire et policier qui, selon eux, cible des dizaines de militants de Bordj Bou-Arr\u00e9ridj depuis le d\u00e9but du confinement, en mars dernier.<\/p>\n<p>Au d\u00e9but du proc\u00e8s, les avocats, en concertation avec leur mandant, ont d\u00e9cid\u00e9 de boycotter le proc\u00e8s et ont d\u00e9nonc\u00e9 dans un communiqu\u00e9, lu avant devant le juge, les atteintes aux libert\u00e9s d\u2019opinion, d\u2019expression et de circulation des citoyens.<\/p>\n<p>\u201cLa Constitution alg\u00e9rienne dans son article 9 garantit le droit d\u2019expression, d\u2019opinion et de circulation\u201d, a affirm\u00e9 un des avocats de la d\u00e9fense. Les robes noires ont m\u00eame d\u00e9cid\u00e9 de \u201cboycotter toutes les audiences concernant les hirakistes au tribunal et \u00e0 la cour de Bordj Bou-Arr\u00e9ridj jusqu\u2019\u00e0 ce que les conditions soient favorables pour des proc\u00e8s \u00e9quitables\u201d, soutient Me Mounir Gherbi.<\/p>\n<p>Pour sa part, Brahim La\u00e2lami, figure du mouvement populaire dans la r\u00e9gion, a tent\u00e9 de se d\u00e9fendre et de donner sa version des faits pour d\u00e9truire les charges qui p\u00e8sent sur lui. \u201cIl encourt en ce moment une condamnation de prison ferme pour ses opinions\u201d, selon Me Zine Boukhari, un autre avocat de la d\u00e9fense.<\/p>\n<p>\u201cC\u2019est de l\u2019acharnement. Les autorit\u00e9s veulent casser la dynamique et en finir d\u00e9finitivement avec les mouvements de protestation \u00e0 Bordj Bou-Arr\u00e9ridj\u201d, d\u00e9nonce, de son c\u00f4t\u00e9, l\u2019avocat et d\u00e9fenseur des droits humains, Me Belkacem Belaabasi.\u201cD\u00e9sormais, toute action est syst\u00e9matiquement r\u00e9prim\u00e9e et expose ses organisateurs \u00e0 la prison, ce que l\u2019on ne voit pas dans d\u2019autres wilayas.\u201d<\/p>\n<p>Le collectif des avocats de la d\u00e9fense, qui a d\u00e9j\u00e0 boycott\u00e9 le 7 f\u00e9vier le proc\u00e8s de 5 activites, tire la sonnette d\u2019alarme sur ce qui se passe \u00e0 Bordj Bou-Arr\u00e9ridj et qualifie les condamnations et les poursuites d\u2019\u201cabus de pouvoir\u201d. \u201cIl y a une volont\u00e9 de d\u00e9structurer le Hirak et surtout une volont\u00e9 de casser toute dynamique constructive pouvant constituer un contre-pouvoir\u201d, d\u00e9nonce-t-il.\u00a0<\/p>\n<p>Pour ce collectif, m\u00eame les relaxes de plusieurs d\u00e9tenus ne font que confirmer le caract\u00e8re arbitraire de leurs poursuites. \u201cElles confirment, plut\u00f4t, l\u2019instrumentalisation de la justice comme moyen de r\u00e9pression contre la lutte politique pacifique\u201d, a estim\u00e9 le collectif.<\/p>\n<p>Arr\u00eat\u00e9 le 8 septembre 2020 en compagnie de ses trois fr\u00e8res et d\u2019un ami devant le domicile familial \u00e0 Bordj Bou-Arr\u00e9ridj, Brahim La\u00e2lami s\u2019appr\u00eatait alors \u00e0 se rendre \u00e0 l\u2019enterrement de l\u2019avocat Tarek Zedam, fauch\u00e9 la veille par une voiture, et apr\u00e8s une manifestation organis\u00e9e la veille dans le village d\u2019Ouled Khelifa dans la commune de Dja\u00e2fra, au nord de Bordj Bou-Arr\u00e9ridj o\u00f9 il \u00e9tait pr\u00e9sent \u00e0 la marche organis\u00e9e pour d\u00e9noncer le placement sous mandat de d\u00e9p\u00f4t de 4 hirakistes de la r\u00e9gion. Le verdict est attendu pour le lundi 15 f\u00e9vrier 2021.<\/p>\n<p class=\"c6\"><strong>Chabane BOUARISSA<\/strong><\/p>\n<\/div>\n<p>Auteur:<br \/>\n<a href=\"https:\/\/www.liberte-algerie.com\/actualite\/quatre-ans-de-prison-ferme-requis-contre-laalami-353793\">Cliquez ici pour lire l&rsquo;article depuis sa source.<\/a><\/p>\n","protected":false},"excerpt":{"rendered":"<p>L\u2019activiste est poursuivi pour \u201cdiscrimination et discours de haine\u201d, \u201coutrage \u00e0 corps constitu\u00e9\u201d et \u201cutilisation de la force contre un agent de la force publique\u201d. Alors qu\u2019il n\u2019a toujours pas \u00e9t\u00e9 transf\u00e9r\u00e9 \u00e0 la prison d\u2019El-M\u00e9n\u00e9a et apr\u00e8s avoir refus\u00e9 la semaine pass\u00e9e d\u2019\u00eatre jug\u00e9 en visioconf\u00e9rence, le proc\u00e8s du c\u00e9l\u00e8bre hirakiste Brahim La\u00e2lami, s\u2019est [&hellip;]<\/p>\n","protected":false},"author":1742,"featured_media":0,"comment_status":"closed","ping_status":"closed","sticky":false,"template":"","format":"standard","meta":{"fifu_image_url":"","fifu_image_alt":"","footnotes":""},"categories":[73,53],"tags":[],"class_list":["post-110894","post","type-post","status-publish","format-standard","hentry","category-actualite","category-algerie"],"_links":{"self":[{"href":"https:\/\/linitiative.ca\/International\/wp-json\/wp\/v2\/posts\/110894","targetHints":{"allow":["GET"]}}],"collection":[{"href":"https:\/\/linitiative.ca\/International\/wp-json\/wp\/v2\/posts"}],"about":[{"href":"https:\/\/linitiative.ca\/International\/wp-json\/wp\/v2\/types\/post"}],"author":[{"embeddable":true,"href":"https:\/\/linitiative.ca\/International\/wp-json\/wp\/v2\/users\/1742"}],"replies":[{"embeddable":true,"href":"https:\/\/linitiative.ca\/International\/wp-json\/wp\/v2\/comments?post=110894"}],"version-history":[{"count":0,"href":"https:\/\/linitiative.ca\/International\/wp-json\/wp\/v2\/posts\/110894\/revisions"}],"wp:attachment":[{"href":"https:\/\/linitiative.ca\/International\/wp-json\/wp\/v2\/media?parent=110894"}],"wp:term":[{"taxonomy":"category","embeddable":true,"href":"https:\/\/linitiative.ca\/International\/wp-json\/wp\/v2\/categories?post=110894"},{"taxonomy":"post_tag","embeddable":true,"href":"https:\/\/linitiative.ca\/International\/wp-json\/wp\/v2\/tags?post=110894"}],"curies":[{"name":"wp","href":"https:\/\/api.w.org\/{rel}","templated":true}]}}