{"id":110896,"date":"2021-02-09T07:22:36","date_gmt":"2021-02-09T12:22:36","guid":{"rendered":"https:\/\/linitiative.ca\/International\/lancement-du-projet-de-developpement-de-la-filiere-du-caroubier\/"},"modified":"2021-02-09T07:22:36","modified_gmt":"2021-02-09T12:22:36","slug":"lancement-du-projet-de-developpement-de-la-filiere-du-caroubier","status":"publish","type":"post","link":"https:\/\/linitiative.ca\/International\/lancement-du-projet-de-developpement-de-la-filiere-du-caroubier\/","title":{"rendered":"Lancement du projet de d\u00e9veloppement de la fili\u00e8re du caroubier"},"content":{"rendered":"<p><iframe loading=\"lazy\" width=\"1170\" height=\"658\" src=\"https:\/\/www.youtube.com\/embed\/K78WDPO6feE?feature=oembed\" frameborder=\"0\" allow=\"accelerometer; autoplay; clipboard-write; encrypted-media; gyroscope; picture-in-picture\" allowfullscreen=\"\">[embedded content]<\/iframe><\/p>\n<div class=\"post-header-inner post-header-title\">\n<p><span class=\"time\"><time class=\"post-published updated\" datetime=\"2021-02-09T13:22:36+00:00\"><strong>9 f\u00e9vrier 2021<\/strong><\/time><\/span><\/p>\n<\/div>\n<div class=\"single-post-excerpt post-excerpt-bc\" readability=\"38\">\n<p>Le coup d\u2019envoi de la deuxi\u00e8me tranche du projet de d\u00e9veloppement de la fili\u00e8re du caroubier dans la province d\u2019Al Haouz, pour un investissement estim\u00e9 \u00e0 54,8 millions de DH (MDH), a \u00e9t\u00e9 donn\u00e9, lundi dans la commune de Tazart.<\/p>\n<\/div>\n<p>Auteur: Meriem IGASS<br \/>\n<a href=\"http:\/\/www.mapmarrakech.ma\/fr\/lancement-du-projet-de-developpement-de-la-filiere-du-caroubier-2\/\">Cliquez ici pour lire l&rsquo;article depuis sa source.<\/a><\/p>\n","protected":false},"excerpt":{"rendered":"<p>[embedded content] 9 f\u00e9vrier 2021 Le coup d\u2019envoi de la deuxi\u00e8me tranche du projet de d\u00e9veloppement de la fili\u00e8re du caroubier dans la province d\u2019Al Haouz, pour un investissement estim\u00e9 \u00e0 54,8 millions de DH (MDH), a \u00e9t\u00e9 donn\u00e9, lundi dans la commune de Tazart. Auteur: Meriem IGASS Cliquez ici pour lire l&rsquo;article depuis sa [&hellip;]<\/p>\n","protected":false},"author":1788,"featured_media":0,"comment_status":"closed","ping_status":"closed","sticky":false,"template":"","format":"standard","meta":{"fifu_image_url":"","fifu_image_alt":"","footnotes":""},"categories":[54,76],"tags":[],"class_list":["post-110896","post","type-post","status-publish","format-standard","hentry","category-maroc","category-regions"],"_links":{"self":[{"href":"https:\/\/linitiative.ca\/International\/wp-json\/wp\/v2\/posts\/110896","targetHints":{"allow":["GET"]}}],"collection":[{"href":"https:\/\/linitiative.ca\/International\/wp-json\/wp\/v2\/posts"}],"about":[{"href":"https:\/\/linitiative.ca\/International\/wp-json\/wp\/v2\/types\/post"}],"author":[{"embeddable":true,"href":"https:\/\/linitiative.ca\/International\/wp-json\/wp\/v2\/users\/1788"}],"replies":[{"embeddable":true,"href":"https:\/\/linitiative.ca\/International\/wp-json\/wp\/v2\/comments?post=110896"}],"version-history":[{"count":0,"href":"https:\/\/linitiative.ca\/International\/wp-json\/wp\/v2\/posts\/110896\/revisions"}],"wp:attachment":[{"href":"https:\/\/linitiative.ca\/International\/wp-json\/wp\/v2\/media?parent=110896"}],"wp:term":[{"taxonomy":"category","embeddable":true,"href":"https:\/\/linitiative.ca\/International\/wp-json\/wp\/v2\/categories?post=110896"},{"taxonomy":"post_tag","embeddable":true,"href":"https:\/\/linitiative.ca\/International\/wp-json\/wp\/v2\/tags?post=110896"}],"curies":[{"name":"wp","href":"https:\/\/api.w.org\/{rel}","templated":true}]}}