{"id":110897,"date":"2021-02-09T07:48:21","date_gmt":"2021-02-09T12:48:21","guid":{"rendered":"https:\/\/linitiative.ca\/International\/m-akhannouch-visite-le-projet-de-multiplication-des-ecotypes-de-cactus\/"},"modified":"2021-02-09T07:48:21","modified_gmt":"2021-02-09T12:48:21","slug":"m-akhannouch-visite-le-projet-de-multiplication-des-ecotypes-de-cactus","status":"publish","type":"post","link":"https:\/\/linitiative.ca\/International\/m-akhannouch-visite-le-projet-de-multiplication-des-ecotypes-de-cactus\/","title":{"rendered":"M. Akhannouch visite le projet de multiplication des \u00e9cotypes de cactus"},"content":{"rendered":"<p><iframe loading=\"lazy\" width=\"1170\" height=\"658\" src=\"https:\/\/www.youtube.com\/embed\/fjUsleqgidU?feature=oembed\" frameborder=\"0\" allow=\"accelerometer; autoplay; clipboard-write; encrypted-media; gyroscope; picture-in-picture\" allowfullscreen=\"\">[embedded content]<\/iframe><\/p>\n<div class=\"single-post-excerpt post-excerpt-bc\" readability=\"42\">\n<p>Le ministre de l\u2019Agriculture, de la P\u00eache Maritime, du D\u00e9veloppement Rural et des Eaux et For\u00eats, Aziz Akhannouch, a effectu\u00e9, lundi, dans la commune de Zemrane Charqia (province d\u2019El Kel\u00e2a des Sraghna), une visite de terrain au projet de multiplication des \u00e9cotypes de cactus r\u00e9sistants \u00e0 la cochenille.<\/p>\n<\/div>\n<p>Auteur: Meriem IGASS<br \/>\n<a href=\"http:\/\/www.mapmarrakech.ma\/fr\/m-akhannouch-visite-le-projet-de-multiplication-des-ecotypes-de-cactus\/\">Cliquez ici pour lire l&rsquo;article depuis sa source.<\/a><\/p>\n","protected":false},"excerpt":{"rendered":"<p>[embedded content] Le ministre de l\u2019Agriculture, de la P\u00eache Maritime, du D\u00e9veloppement Rural et des Eaux et For\u00eats, Aziz Akhannouch, a effectu\u00e9, lundi, dans la commune de Zemrane Charqia (province d\u2019El Kel\u00e2a des Sraghna), une visite de terrain au projet de multiplication des \u00e9cotypes de cactus r\u00e9sistants \u00e0 la cochenille. Auteur: Meriem IGASS Cliquez ici [&hellip;]<\/p>\n","protected":false},"author":1788,"featured_media":0,"comment_status":"closed","ping_status":"closed","sticky":false,"template":"","format":"standard","meta":{"fifu_image_url":"","fifu_image_alt":"","footnotes":""},"categories":[54,76],"tags":[],"class_list":["post-110897","post","type-post","status-publish","format-standard","hentry","category-maroc","category-regions"],"_links":{"self":[{"href":"https:\/\/linitiative.ca\/International\/wp-json\/wp\/v2\/posts\/110897","targetHints":{"allow":["GET"]}}],"collection":[{"href":"https:\/\/linitiative.ca\/International\/wp-json\/wp\/v2\/posts"}],"about":[{"href":"https:\/\/linitiative.ca\/International\/wp-json\/wp\/v2\/types\/post"}],"author":[{"embeddable":true,"href":"https:\/\/linitiative.ca\/International\/wp-json\/wp\/v2\/users\/1788"}],"replies":[{"embeddable":true,"href":"https:\/\/linitiative.ca\/International\/wp-json\/wp\/v2\/comments?post=110897"}],"version-history":[{"count":0,"href":"https:\/\/linitiative.ca\/International\/wp-json\/wp\/v2\/posts\/110897\/revisions"}],"wp:attachment":[{"href":"https:\/\/linitiative.ca\/International\/wp-json\/wp\/v2\/media?parent=110897"}],"wp:term":[{"taxonomy":"category","embeddable":true,"href":"https:\/\/linitiative.ca\/International\/wp-json\/wp\/v2\/categories?post=110897"},{"taxonomy":"post_tag","embeddable":true,"href":"https:\/\/linitiative.ca\/International\/wp-json\/wp\/v2\/tags?post=110897"}],"curies":[{"name":"wp","href":"https:\/\/api.w.org\/{rel}","templated":true}]}}