{"id":110898,"date":"2021-02-09T07:54:02","date_gmt":"2021-02-09T12:54:02","guid":{"rendered":"https:\/\/linitiative.ca\/International\/generation-green-m-akhannouch-inaugure-et-lance-plusieurs-projets\/"},"modified":"2021-02-09T07:54:02","modified_gmt":"2021-02-09T12:54:02","slug":"generation-green-m-akhannouch-inaugure-et-lance-plusieurs-projets","status":"publish","type":"post","link":"https:\/\/linitiative.ca\/International\/generation-green-m-akhannouch-inaugure-et-lance-plusieurs-projets\/","title":{"rendered":"G\u00e9n\u00e9ration Green: M. Akhannouch inaugure et lance plusieurs projets"},"content":{"rendered":"<p><iframe loading=\"lazy\" width=\"1170\" height=\"658\" src=\"https:\/\/www.youtube.com\/embed\/kb2nGrKbYvI?feature=oembed\" frameborder=\"0\" allow=\"accelerometer; autoplay; clipboard-write; encrypted-media; gyroscope; picture-in-picture\" allowfullscreen=\"\">[embedded content]<\/iframe><\/p>\n<div class=\"single-post-excerpt post-excerpt-bc\" readability=\"41\">\n<p>Le ministre de l\u2019Agriculture, de la P\u00eache maritime, du D\u00e9veloppement Rural, et des Eaux et For\u00eats, M. Aziz Akhannouch a proc\u00e9d\u00e9 lundi, au niveau de plusieurs communes relevant de la province de Rehamna, \u00e0 l\u2019inauguration et au lancement de nombre de projets s\u2019inscrivant dans le cadre de la strat\u00e9gie de d\u00e9veloppement du secteur agricole \u00ab G\u00e9n\u00e9ration Green 2020-2030 \u00bb<\/p>\n<\/div>\n<p>Auteur: Meriem IGASS<br \/>\n<a href=\"http:\/\/www.mapmarrakech.ma\/fr\/generation-green-m-akhannouch-inaugure-et-lance-plusieurs-projets-2\/\">Cliquez ici pour lire l&rsquo;article depuis sa source.<\/a><\/p>\n","protected":false},"excerpt":{"rendered":"<p>[embedded content] Le ministre de l\u2019Agriculture, de la P\u00eache maritime, du D\u00e9veloppement Rural, et des Eaux et For\u00eats, M. Aziz Akhannouch a proc\u00e9d\u00e9 lundi, au niveau de plusieurs communes relevant de la province de Rehamna, \u00e0 l\u2019inauguration et au lancement de nombre de projets s\u2019inscrivant dans le cadre de la strat\u00e9gie de d\u00e9veloppement du secteur [&hellip;]<\/p>\n","protected":false},"author":1788,"featured_media":0,"comment_status":"closed","ping_status":"closed","sticky":false,"template":"","format":"standard","meta":{"fifu_image_url":"","fifu_image_alt":"","footnotes":""},"categories":[54,76],"tags":[],"class_list":["post-110898","post","type-post","status-publish","format-standard","hentry","category-maroc","category-regions"],"_links":{"self":[{"href":"https:\/\/linitiative.ca\/International\/wp-json\/wp\/v2\/posts\/110898","targetHints":{"allow":["GET"]}}],"collection":[{"href":"https:\/\/linitiative.ca\/International\/wp-json\/wp\/v2\/posts"}],"about":[{"href":"https:\/\/linitiative.ca\/International\/wp-json\/wp\/v2\/types\/post"}],"author":[{"embeddable":true,"href":"https:\/\/linitiative.ca\/International\/wp-json\/wp\/v2\/users\/1788"}],"replies":[{"embeddable":true,"href":"https:\/\/linitiative.ca\/International\/wp-json\/wp\/v2\/comments?post=110898"}],"version-history":[{"count":0,"href":"https:\/\/linitiative.ca\/International\/wp-json\/wp\/v2\/posts\/110898\/revisions"}],"wp:attachment":[{"href":"https:\/\/linitiative.ca\/International\/wp-json\/wp\/v2\/media?parent=110898"}],"wp:term":[{"taxonomy":"category","embeddable":true,"href":"https:\/\/linitiative.ca\/International\/wp-json\/wp\/v2\/categories?post=110898"},{"taxonomy":"post_tag","embeddable":true,"href":"https:\/\/linitiative.ca\/International\/wp-json\/wp\/v2\/tags?post=110898"}],"curies":[{"name":"wp","href":"https:\/\/api.w.org\/{rel}","templated":true}]}}