{"id":110899,"date":"2021-02-09T08:40:21","date_gmt":"2021-02-09T13:40:21","guid":{"rendered":"https:\/\/linitiative.ca\/International\/concours-pour-la-sensibilisation-au-phenomene-du-travail-des-enfants\/"},"modified":"2021-02-09T08:40:21","modified_gmt":"2021-02-09T13:40:21","slug":"concours-pour-la-sensibilisation-au-phenomene-du-travail-des-enfants","status":"publish","type":"post","link":"https:\/\/linitiative.ca\/International\/concours-pour-la-sensibilisation-au-phenomene-du-travail-des-enfants\/","title":{"rendered":"Concours pour la sensibilisation au ph\u00e9nom\u00e8ne du travail des enfants"},"content":{"rendered":"<div readability=\"38\">\n<p>Essaouira \u2013 Un concours cr\u00e9atif a \u00e9t\u00e9 organis\u00e9, r\u00e9cemment \u00e0 Essaouira, sous le th\u00e8me \u00ab\u00a0Les cr\u00e9ations de l\u2019enfance pour la lutte contre le ph\u00e9nom\u00e8ne du travail des enfants\u00a0\u00bb et ce, en vue de renforcer la sensibilisation \u00e0 cette question pr\u00e9occupante qui touche cette frange sociale dans la Cit\u00e9 des Aliz\u00e9s.<\/p>\n<\/div>\n<div readability=\"114\">\n<p>Cette comp\u00e9tition visait \u00e0 consolider le r\u00f4le de la cr\u00e9ativit\u00e9 dans le traitement des probl\u00e9matiques sociales et \u00e0 encourager les enfants \u00e0 exprimer leurs opinions et \u00e0 \u00e9veiller leurs capacit\u00e9s cr\u00e9atives autour de la th\u00e9matique du travail des enfants et de ses effets n\u00e9gatifs et dangereux.<\/p>\n<p>Elle ambitionnait ainsi d\u2019approcher cette probl\u00e9matique du point de vue des enfants eux-m\u00eames et d\u2019\u00e9lever le niveau de prise de conscience quant \u00e0 la n\u00e9cessit\u00e9 de lutter contre ce fl\u00e9au social, notamment \u00e0 travers des \u0153uvres r\u00e9alis\u00e9es dans diff\u00e9rents genres artistiques par des enfants scolaris\u00e9s ou non scolaris\u00e9s (dessin, arts plastiques, po\u00e9sie, photographie, nouvelle courte\u2026).<\/p>\n<p>Initi\u00e9e par la Coalition des Jeunes d\u2019Essaouira pour l\u2019Equit\u00e9 et le Vivre-Ensemble (CJEEVE) avec le soutien du minist\u00e8re du Travail et de l\u2019Insertion professionnelle, cette action citoyenne s\u2019inscrit dans le cadre de la d\u00e9clinaison du projet de lutte contre le travail des enfants dans le port de la ville.<\/p>\n<p>Ledit projet s\u2019assigne pour principaux objectifs de contribuer au combat contre ce ph\u00e9nom\u00e8ne social, de renforcer la mobilisation des diff\u00e9rents intervenants pour mettre sur pied des mesures pratiques et efficientes en vue de son \u00e9radication, et de favoriser la sensibilisation et la communication afin de venir \u00e0 bout du travail des enfants qui ne cesse de s\u2019amplifier.<\/p>\n<p>Il pr\u00e9voit, entre autres, des campagnes de sensibilisation et de conscientisation sur ce ph\u00e9nom\u00e8ne, des rencontres et des conf\u00e9rences sur cette question ainsi que des concours culturels et artistiques en faveur des apprenants autour de ce fl\u00e9au.<\/p>\n<p>Dans une d\u00e9claration \u00e0 la MAP \u00e0 cette occasion, le pr\u00e9sident de la CJEEVE, Mohamed Lamghari Yassar, a indiqu\u00e9 que ce concours cr\u00e9atif tendait \u00e0 renforcer la sensibilisation aux dangers du travail des enfants et \u00e0 susciter une prise de conscience collective et critique de cette forme d\u2019exploitation de l\u2019enfance.<\/p>\n<p>Cette comp\u00e9tition \u00e9tait ouverte aux enfants \u00e2g\u00e9s de moins de 16 ans qui pouvaient participer avec leurs cr\u00e9ations et \u0153uvres dans divers genres (nouvelle\u00a0 courte, po\u00e9sie, arts plastiques, dessin, photographie etc), a-t-il expliqu\u00e9, ajoutant que ce concours a connu aussi la participation d\u2019\u00e9l\u00e8ves (filles et gar\u00e7ons) de l\u2019\u00e9cole de la 2\u00e8me chance (nouvelle g\u00e9n\u00e9ration) relevant du complexe social \u00ab\u00a0Ibtissama\u00a0\u00bb.<\/p>\n<p>M. Lamghari Yassar a aussi estim\u00e9 qu\u2019il n\u2019est pas possible d\u2019\u00e9radiquer le travail des enfants sans lutter contre la pauvret\u00e9 qui compromet leur \u00e9ducation et les prive de la scolarisation en les contraignant, faute de ressources mat\u00e9rielles suffisantes, \u00e0 abandonner pr\u00e9matur\u00e9ment les bancs de l\u2019\u00e9cole, soulignant la n\u00e9cessit\u00e9 d\u2019investir dans l\u2019\u00e9ducation et la formation pour r\u00e9soudre ce dilemme social qui porte atteinte aux droits les plus \u00e9l\u00e9mentaires et fondamentaux de l\u2019enfant.<\/p>\n<p>Il a fait savoir qu\u2019\u00e0 l\u2019issue de cette comp\u00e9tition cr\u00e9ative, une c\u00e9r\u00e9monie a \u00e9t\u00e9 organis\u00e9e dans le complexe social \u00ab\u00a0Ibtissama\u00a0\u00bb pour la remise des prix \u00e0 cinq gagnantes et gagnants de ce concours et des certificats de m\u00e9rite.<\/p>\n<p>De son c\u00f4t\u00e9, la directrice du complexe social \u00ab\u00a0Ibtissama\u00a0\u00bb, Mme Zahra Lamsalem, a pr\u00e9cis\u00e9 que cette comp\u00e9tition cr\u00e9ative intervient dans le sillage des actions men\u00e9es en vue de la mise en \u0153uvre optimale du projet de lutte contre le ph\u00e9nom\u00e8ne du travail des enfants dans le port d\u2019Essaouira, port\u00e9 par la CJEEVE.<\/p>\n<p>Ce concours culturel se voulait \u00e9galement une action civique et citoyenne de sensibilisation et de conscientisation quant aux risques et \u00e0 l\u2019ampleur de ce ph\u00e9nom\u00e8ne qui touche une partie de la population enfantine de la ville d\u2019Essaouira, qui doit jouir pleinement de tous ses droits, dont le droit \u00e0 l\u2019\u00e9ducation et \u00e0 la scolarisation, a-t-elle soutenu.<\/p>\n<\/div>\n<p>Auteur: Meriem IGASS<br \/>\n<a href=\"http:\/\/www.mapmarrakech.ma\/fr\/concours-creatif-pour-la-sensibilisation-au-phenomene-du-travail-des-enfants\/\">Cliquez ici pour lire l&rsquo;article depuis sa source.<\/a><\/p>\n","protected":false},"excerpt":{"rendered":"<p>Essaouira \u2013 Un concours cr\u00e9atif a \u00e9t\u00e9 organis\u00e9, r\u00e9cemment \u00e0 Essaouira, sous le th\u00e8me \u00ab\u00a0Les cr\u00e9ations de l\u2019enfance pour la lutte contre le ph\u00e9nom\u00e8ne du travail des enfants\u00a0\u00bb et ce, en vue de renforcer la sensibilisation \u00e0 cette question pr\u00e9occupante qui touche cette frange sociale dans la Cit\u00e9 des Aliz\u00e9s. Cette comp\u00e9tition visait \u00e0 consolider [&hellip;]<\/p>\n","protected":false},"author":1788,"featured_media":0,"comment_status":"closed","ping_status":"closed","sticky":false,"template":"","format":"standard","meta":{"fifu_image_url":"","fifu_image_alt":"","footnotes":""},"categories":[54,76],"tags":[],"class_list":["post-110899","post","type-post","status-publish","format-standard","hentry","category-maroc","category-regions"],"_links":{"self":[{"href":"https:\/\/linitiative.ca\/International\/wp-json\/wp\/v2\/posts\/110899","targetHints":{"allow":["GET"]}}],"collection":[{"href":"https:\/\/linitiative.ca\/International\/wp-json\/wp\/v2\/posts"}],"about":[{"href":"https:\/\/linitiative.ca\/International\/wp-json\/wp\/v2\/types\/post"}],"author":[{"embeddable":true,"href":"https:\/\/linitiative.ca\/International\/wp-json\/wp\/v2\/users\/1788"}],"replies":[{"embeddable":true,"href":"https:\/\/linitiative.ca\/International\/wp-json\/wp\/v2\/comments?post=110899"}],"version-history":[{"count":0,"href":"https:\/\/linitiative.ca\/International\/wp-json\/wp\/v2\/posts\/110899\/revisions"}],"wp:attachment":[{"href":"https:\/\/linitiative.ca\/International\/wp-json\/wp\/v2\/media?parent=110899"}],"wp:term":[{"taxonomy":"category","embeddable":true,"href":"https:\/\/linitiative.ca\/International\/wp-json\/wp\/v2\/categories?post=110899"},{"taxonomy":"post_tag","embeddable":true,"href":"https:\/\/linitiative.ca\/International\/wp-json\/wp\/v2\/tags?post=110899"}],"curies":[{"name":"wp","href":"https:\/\/api.w.org\/{rel}","templated":true}]}}