{"id":110900,"date":"2021-02-09T12:02:24","date_gmt":"2021-02-09T17:02:24","guid":{"rendered":"https:\/\/linitiative.ca\/International\/reduction-des-disparites-territoriales-122-projets-dun-cout-de-465-mdh\/"},"modified":"2021-02-09T12:02:24","modified_gmt":"2021-02-09T17:02:24","slug":"reduction-des-disparites-territoriales-122-projets-dun-cout-de-465-mdh","status":"publish","type":"post","link":"https:\/\/linitiative.ca\/International\/reduction-des-disparites-territoriales-122-projets-dun-cout-de-465-mdh\/","title":{"rendered":"R\u00e9duction des disparit\u00e9s territoriales: 122 projets d\u2019un co\u00fbt de 465 MDH"},"content":{"rendered":"<div readability=\"36\">\n<p>Benguerir (Province de Rehamna) \u2013 Quelque 122 projets inscrits dans le cadre du Programme de r\u00e9duction des disparit\u00e9s territoriales et sociales (PRDTS), d\u2019un co\u00fbt global de 465 millions de DH sont r\u00e9alis\u00e9s ou en cours de r\u00e9alisation au niveau de la province de Rehamna au titre de la p\u00e9riode 2017-2023.<\/p>\n<\/div>\n<div readability=\"104\">\n<p>Ces donn\u00e9es ont \u00e9t\u00e9 pr\u00e9sent\u00e9es, lundi, \u00e0 l\u2019occasion d\u2019une visite du terrain, du ministre de l\u2019Agriculture, de la P\u00eache Maritime, du D\u00e9veloppement Rural, des Eaux et For\u00eats, M. Aziz Akhannouch \u00e0 la province de Rehamna pour le lancement et l\u2019inauguration de projets agricoles.<\/p>\n<p>Les projets inscrits dans le cadre du Plan d\u2019action 2017-2020\u00a0du PRDTS au niveau de la province de Rehamna\u00a0ont concern\u00e9 le secteur de l\u2019enseignement (76,4 MDH), l\u2019\u00e9lectricit\u00e9 (20,2 MDH), les routes et pistes rurales (166,8 MDH) et l\u2019approvisionnement en eau potable (9,58 MDH).<\/p>\n<p>Dans le cadre dudit plan d\u2019action, il a \u00e9t\u00e9 aussi proc\u00e9d\u00e9 \u00e0 l\u2019acquisition de 5 ambulances, l\u2019am\u00e9nagement, l\u2019\u00e9quipement et la reconstruction de 4 centres de sant\u00e9 de 2\u00e8me niveau et l\u2019am\u00e9nagement, l\u2019\u00e9quipement et la reconstruction de 3 centres de sant\u00e9 ruraux et la construction d\u2019une maison d\u2019accouchement (Dar Al Wilada ), la construction et l\u2019\u00e9quipement de 07 dour talib et taliba, l\u2019acquisition de 37 bus de transport scolaire, le remplacement de 95 classes en pr\u00e9fabriqu\u00e9 et l\u2019acquisition d\u2019une unit\u00e9 mobile de formation.<\/p>\n<p>Il s\u2019agit aussi de l\u2019alimentation en \u00e9lectricit\u00e9 de 2 douars, soit 49 m\u00e9nages, l\u2019extension du r\u00e9seau \u00e9lectrique de 72,78 km pour toucher 27 autres douars et 431 m\u00e9nages, alors que dans le domaine de l\u2019approvisionnement en eau potable, 10 installations ont \u00e9t\u00e9 r\u00e9alis\u00e9es au profit de 25 douars (464 m\u00e9nages) et l\u2019entretien et la mise \u00e0 niveau du syst\u00e8me d\u2019approvisionnement en eau potable au profit de 12 douars (200 m\u00e9nages).<\/p>\n<p>Concernant le plan d\u2019action de 2021\u00a0du PRDTS au niveau de la province, quelque 25 projets d\u2019une valeur de 69,439 MDH sont programm\u00e9s, dont 3 projets dans le secteur de l\u2019eau potable (4,5 MDH), 7 projets dans le domaine de l\u2019enseignement (12,7 MDH), 2 projets dans le secteur de l\u2019\u00e9lectricit\u00e9 (1,262 MDH), 9 projets dans le domaine des routes et pistes rurales (40,2 MDH) et 4 projets dans le secteur de la sant\u00e9 (10,7 MDH).<\/p>\n<p>Le programme de r\u00e9duction des disparit\u00e9s territoriales et sociales est un programme gouvernemental int\u00e9gr\u00e9\u00a0qui couvre la p\u00e9riode 2017-2023. Il vise notamment le d\u00e9senclavement des populations rurales et des zones de montagnes, par la construction des routes, des pistes et des ouvrages de franchissement en vue d\u2019am\u00e9liorer leur qualit\u00e9 de vie.<\/p>\n<p>Il a \u00e9galement pour objectifs d\u2019am\u00e9liorer et de g\u00e9n\u00e9raliser l\u2019acc\u00e8s des populations locales aux services de base (\u00e9lectricit\u00e9, eau potable, sant\u00e9 et \u00e9ducation), en plus de la cr\u00e9ation des conditions n\u00e9cessaires au renforcement et \u00e0 la diversification des potentiels \u00e9conomiques des zones rurales et de montagnes.<\/p>\n<\/div>\n<p>Auteur: Meriem IGASS<br \/>\n<a href=\"http:\/\/www.mapmarrakech.ma\/fr\/reduction-des-disparites-territoriales-122-projets-dun-cout-de-465-mdh\/\">Cliquez ici pour lire l&rsquo;article depuis sa source.<\/a><\/p>\n","protected":false},"excerpt":{"rendered":"<p>Benguerir (Province de Rehamna) \u2013 Quelque 122 projets inscrits dans le cadre du Programme de r\u00e9duction des disparit\u00e9s territoriales et sociales (PRDTS), d\u2019un co\u00fbt global de 465 millions de DH sont r\u00e9alis\u00e9s ou en cours de r\u00e9alisation au niveau de la province de Rehamna au titre de la p\u00e9riode 2017-2023. Ces donn\u00e9es ont \u00e9t\u00e9 pr\u00e9sent\u00e9es, [&hellip;]<\/p>\n","protected":false},"author":1788,"featured_media":0,"comment_status":"closed","ping_status":"closed","sticky":false,"template":"","format":"standard","meta":{"fifu_image_url":"","fifu_image_alt":"","footnotes":""},"categories":[54,76],"tags":[],"class_list":["post-110900","post","type-post","status-publish","format-standard","hentry","category-maroc","category-regions"],"_links":{"self":[{"href":"https:\/\/linitiative.ca\/International\/wp-json\/wp\/v2\/posts\/110900","targetHints":{"allow":["GET"]}}],"collection":[{"href":"https:\/\/linitiative.ca\/International\/wp-json\/wp\/v2\/posts"}],"about":[{"href":"https:\/\/linitiative.ca\/International\/wp-json\/wp\/v2\/types\/post"}],"author":[{"embeddable":true,"href":"https:\/\/linitiative.ca\/International\/wp-json\/wp\/v2\/users\/1788"}],"replies":[{"embeddable":true,"href":"https:\/\/linitiative.ca\/International\/wp-json\/wp\/v2\/comments?post=110900"}],"version-history":[{"count":0,"href":"https:\/\/linitiative.ca\/International\/wp-json\/wp\/v2\/posts\/110900\/revisions"}],"wp:attachment":[{"href":"https:\/\/linitiative.ca\/International\/wp-json\/wp\/v2\/media?parent=110900"}],"wp:term":[{"taxonomy":"category","embeddable":true,"href":"https:\/\/linitiative.ca\/International\/wp-json\/wp\/v2\/categories?post=110900"},{"taxonomy":"post_tag","embeddable":true,"href":"https:\/\/linitiative.ca\/International\/wp-json\/wp\/v2\/tags?post=110900"}],"curies":[{"name":"wp","href":"https:\/\/api.w.org\/{rel}","templated":true}]}}