{"id":110902,"date":"2021-02-08T17:52:33","date_gmt":"2021-02-08T22:52:33","guid":{"rendered":"https:\/\/linitiative.ca\/International\/covid-19-les-employes-des-hammams-en-arret-de-travail-seront-indemnises\/"},"modified":"2021-02-08T17:52:33","modified_gmt":"2021-02-08T22:52:33","slug":"covid-19-les-employes-des-hammams-en-arret-de-travail-seront-indemnises","status":"publish","type":"post","link":"https:\/\/linitiative.ca\/International\/covid-19-les-employes-des-hammams-en-arret-de-travail-seront-indemnises\/","title":{"rendered":"Covid-19: les employ\u00e9s des Hammams en arr\u00eat de travail seront indemnis\u00e9s"},"content":{"rendered":"<div class=\"single-featured\"><img alt=\"\" data-src=\"http:\/\/www.mapoujda.ma\/map\/uploads\/2021\/02\/Le-ministre-Mustapha-Ramid-750&#xD7;430-MAP.jpg\"\/><\/div>\n<div class=\"entry-content clearfix single-post-content\" readability=\"65\">\n<p class=\"c4\">Les employ\u00e9s des hammams traditionnels ferm\u00e9s en raison de la propagation de la Covid-19 seront prochainement indemnis\u00e9s pour perte d\u2019emploi, a affirm\u00e9 lundi \u00e0 Rabat le ministre d\u2019Etat charg\u00e9 des droits de l\u2019Homme et des relations avec le parlement, Mustapha Ramid.<\/p>\n<p class=\"c4\">Ces employ\u00e9s seront recens\u00e9s en vue de les indemniser, vu les dommages subis par cette cat\u00e9gorie \u00e0 cause de la fermeture de leur lieu de travail, a pr\u00e9cis\u00e9 M. Ramid \u00e0 la Chambre des repr\u00e9sentants en r\u00e9ponse \u00e0 une question \u00e0 la Chambre des repr\u00e9sentants sur \u00ab\u00a0la fermeture des hammams traditionnels\u00a0\u00bb.<\/p>\n<p class=\"c4\">Les hammams ferm\u00e9s se situent dans 15 pr\u00e9fectures et provinces sur un total de 82, a-t-il relev\u00e9, pr\u00e9cisant que leur r\u00e9ouverture demeure tributaire de l\u2019am\u00e9lioration de la situation \u00e9pid\u00e9miologique et de la d\u00e9cision des comit\u00e9s locaux ad hoc.<\/p>\n<p class=\"c4\">Leur fermeture notamment dans les zones confront\u00e9es \u00e0 un nombre \u00e9lev\u00e9 de contaminations par le coronavirus, est due au fait qu\u2019ils sont des espaces propices \u00e0 la propagation du virus, a rappel\u00e9 le responsable gouvernemental.<\/p>\n<p class=\"c4\">Il a en outre mis en avant les effets de la Covid-19, notamment sur les cat\u00e9gories fragiles, soulignant les efforts consentis, sous la conduite de SM le Roi Mohammed VI, pour att\u00e9nuer les r\u00e9percussions de la pand\u00e9mie, en particulier au niveau de la protection des entreprises et du soutien aux cat\u00e9gories affect\u00e9es.<\/p>\n<\/div>\n<p>Auteur: Soufiane ELAHMAR<br \/>\n<a href=\"http:\/\/www.mapoujda.ma\/fr\/covid-19-les-employes-des-hammams-en-arret-de-travail-seront-indemnises\/\">Cliquez ici pour lire l&rsquo;article depuis sa source.<\/a><\/p>\n","protected":false},"excerpt":{"rendered":"<p>Les employ\u00e9s des hammams traditionnels ferm\u00e9s en raison de la propagation de la Covid-19 seront prochainement indemnis\u00e9s pour perte d\u2019emploi, a affirm\u00e9 lundi \u00e0 Rabat le ministre d\u2019Etat charg\u00e9 des droits de l\u2019Homme et des relations avec le parlement, Mustapha Ramid. Ces employ\u00e9s seront recens\u00e9s en vue de les indemniser, vu les dommages subis par [&hellip;]<\/p>\n","protected":false},"author":1788,"featured_media":0,"comment_status":"closed","ping_status":"closed","sticky":false,"template":"","format":"standard","meta":{"fifu_image_url":"http:\/\/www.mapoujda.ma\/map\/uploads\/2021\/02\/Le-ministre-Mustapha-Ramid-750\u00d7430-MAP.jpg","fifu_image_alt":"Covid-19: les employ\u00e9s des Hammams en arr\u00eat de travail seront indemnis\u00e9s","footnotes":""},"categories":[54,76],"tags":[],"class_list":["post-110902","post","type-post","status-publish","format-standard","hentry","category-maroc","category-regions"],"_links":{"self":[{"href":"https:\/\/linitiative.ca\/International\/wp-json\/wp\/v2\/posts\/110902","targetHints":{"allow":["GET"]}}],"collection":[{"href":"https:\/\/linitiative.ca\/International\/wp-json\/wp\/v2\/posts"}],"about":[{"href":"https:\/\/linitiative.ca\/International\/wp-json\/wp\/v2\/types\/post"}],"author":[{"embeddable":true,"href":"https:\/\/linitiative.ca\/International\/wp-json\/wp\/v2\/users\/1788"}],"replies":[{"embeddable":true,"href":"https:\/\/linitiative.ca\/International\/wp-json\/wp\/v2\/comments?post=110902"}],"version-history":[{"count":0,"href":"https:\/\/linitiative.ca\/International\/wp-json\/wp\/v2\/posts\/110902\/revisions"}],"wp:attachment":[{"href":"https:\/\/linitiative.ca\/International\/wp-json\/wp\/v2\/media?parent=110902"}],"wp:term":[{"taxonomy":"category","embeddable":true,"href":"https:\/\/linitiative.ca\/International\/wp-json\/wp\/v2\/categories?post=110902"},{"taxonomy":"post_tag","embeddable":true,"href":"https:\/\/linitiative.ca\/International\/wp-json\/wp\/v2\/tags?post=110902"}],"curies":[{"name":"wp","href":"https:\/\/api.w.org\/{rel}","templated":true}]}}