{"id":110903,"date":"2021-02-09T07:53:02","date_gmt":"2021-02-09T12:53:02","guid":{"rendered":"https:\/\/linitiative.ca\/International\/un-colloque-en-juin-sur-les-risques-naturels-en-milieux-mediterraneens\/"},"modified":"2021-02-09T07:53:02","modified_gmt":"2021-02-09T12:53:02","slug":"un-colloque-en-juin-sur-les-risques-naturels-en-milieux-mediterraneens","status":"publish","type":"post","link":"https:\/\/linitiative.ca\/International\/un-colloque-en-juin-sur-les-risques-naturels-en-milieux-mediterraneens\/","title":{"rendered":"Un Colloque en juin sur les risques naturels en milieux m\u00e9diterran\u00e9ens"},"content":{"rendered":"<p class=\"c4\">L\u2019Universit\u00e9 Mohammed Premier (UMP) d\u2019Oujda organisera, les 4 et 5 juin prochain, un Colloque international sur le th\u00e8me \u00abLa dynamique de l\u2019environnement et les risques naturels en milieux m\u00e9diterran\u00e9ens\u00bb.<\/p>\n<p class=\"c4\">Cette rencontre interviendra en cl\u00f4ture du Projet prioritaire de recherche (PPR) intitul\u00e9 \u00abLes risques hydro-climatiques et g\u00e9omorphologiques au Maroc nord-est: typologie, cartographie et gestion\u00bb, financ\u00e9 par le Centre national pour la recherche scientifique et technique (CNRST) dans le cadre des domaines prioritaires de la recherche scientifique et du d\u00e9veloppement technologique, indique un document des organisateurs.<\/p>\n<p class=\"c4\">Sujet d\u2019actualit\u00e9 et d\u2019urgence, les risques hydro-climatiques et g\u00e9omorphologiques constituent une composante de ce projet men\u00e9 par 8 enseignants chercheurs du d\u00e9partement de G\u00e9ographie de l\u2019UMP en partenariat avec d\u2019autres coll\u00e8gues marocains et \u00e9trangers.<\/p>\n<p class=\"c4\">Ce colloque a pour objectifs de r\u00e9unir des experts et des chercheurs pour contribuer au d\u00e9bat sur les probl\u00e9matiques li\u00e9es \u00e0 la dynamique de l\u2019environnement et aux risques naturels en milieux m\u00e9diterran\u00e9ens, ainsi que d\u2019offrir l\u2019occasion de confronter des travaux de diff\u00e9rents chercheurs sur cette th\u00e9matique, r\u00e9alis\u00e9s \u00e0 travers des contextes g\u00e9ographiques diff\u00e9rents.<\/p>\n<p class=\"c4\">La rencontre d\u00e9battra notamment des th\u00e9matiques \u00abVariabilit\u00e9 des risques naturels: existe-t-il des tendances affirm\u00e9es?\u00bb, \u00abActions anthropiques et \u00e9volution de la dynamique environnementale\u00bb, \u00abRisques c\u00f4tiers: littoralisation amplifi\u00e9e et\/ou acc\u00e9l\u00e9ration de la mont\u00e9e du niveau marin?\u00bb et \u00abD\u00e9sertification et climat, peut-on pr\u00e9dire?\u00bb.<\/p>\n<p class=\"c4\">Selon les organisateurs, les espaces m\u00e9diterran\u00e9ens sont aussi bien diversifi\u00e9s qu\u2019unis par plusieurs aspects, dont particuli\u00e8rement la fragilit\u00e9 des \u00e9cosyst\u00e8mes. Certains paysages et sites ne semblent gu\u00e8re avoir subi de grands changements, alors que d\u2019autres connaissent des mutations profondes.<\/p>\n<p class=\"c4\">Ce colloque est organis\u00e9 en partenariat notamment avec l\u2019Universit\u00e9 Sidi Mohammed Ben Abdellah de F\u00e8s, l\u2019Universit\u00e9 Fran\u00e7ois Rabelais (Tours, France), Le Conseil sup\u00e9rieur de recherches scientifiques (Almeria, Espagne), le CNRST, le Forum des jeunes g\u00e9ographes pour la recherche et le d\u00e9veloppement durable dans la r\u00e9gion de l\u2019Oriental, le Centre d\u2019\u00e9tudes et de recherche humaines et sociales d\u2019Oujda (CERHSO) et l\u2019Association marocaine de g\u00e9omorphologie.<\/p>\n<p>Auteur: Soufiane ELAHMAR<br \/>\n<a href=\"http:\/\/www.mapoujda.ma\/fr\/un-colloque-en-juin-sur-les-risques-naturels-en-milieux-mediterraneens\/\">Cliquez ici pour lire l&rsquo;article depuis sa source.<\/a><\/p>\n","protected":false},"excerpt":{"rendered":"<p>L\u2019Universit\u00e9 Mohammed Premier (UMP) d\u2019Oujda organisera, les 4 et 5 juin prochain, un Colloque international sur le th\u00e8me \u00abLa dynamique de l\u2019environnement et les risques naturels en milieux m\u00e9diterran\u00e9ens\u00bb. Cette rencontre interviendra en cl\u00f4ture du Projet prioritaire de recherche (PPR) intitul\u00e9 \u00abLes risques hydro-climatiques et g\u00e9omorphologiques au Maroc nord-est: typologie, cartographie et gestion\u00bb, financ\u00e9 par [&hellip;]<\/p>\n","protected":false},"author":1788,"featured_media":0,"comment_status":"closed","ping_status":"closed","sticky":false,"template":"","format":"standard","meta":{"fifu_image_url":"","fifu_image_alt":"","footnotes":""},"categories":[54,76],"tags":[],"class_list":["post-110903","post","type-post","status-publish","format-standard","hentry","category-maroc","category-regions"],"_links":{"self":[{"href":"https:\/\/linitiative.ca\/International\/wp-json\/wp\/v2\/posts\/110903","targetHints":{"allow":["GET"]}}],"collection":[{"href":"https:\/\/linitiative.ca\/International\/wp-json\/wp\/v2\/posts"}],"about":[{"href":"https:\/\/linitiative.ca\/International\/wp-json\/wp\/v2\/types\/post"}],"author":[{"embeddable":true,"href":"https:\/\/linitiative.ca\/International\/wp-json\/wp\/v2\/users\/1788"}],"replies":[{"embeddable":true,"href":"https:\/\/linitiative.ca\/International\/wp-json\/wp\/v2\/comments?post=110903"}],"version-history":[{"count":0,"href":"https:\/\/linitiative.ca\/International\/wp-json\/wp\/v2\/posts\/110903\/revisions"}],"wp:attachment":[{"href":"https:\/\/linitiative.ca\/International\/wp-json\/wp\/v2\/media?parent=110903"}],"wp:term":[{"taxonomy":"category","embeddable":true,"href":"https:\/\/linitiative.ca\/International\/wp-json\/wp\/v2\/categories?post=110903"},{"taxonomy":"post_tag","embeddable":true,"href":"https:\/\/linitiative.ca\/International\/wp-json\/wp\/v2\/tags?post=110903"}],"curies":[{"name":"wp","href":"https:\/\/api.w.org\/{rel}","templated":true}]}}