{"id":110904,"date":"2021-02-09T13:34:45","date_gmt":"2021-02-09T18:34:45","guid":{"rendered":"https:\/\/linitiative.ca\/International\/guercif-saisie-de-475-kg-de-chira\/"},"modified":"2021-02-09T13:34:45","modified_gmt":"2021-02-09T18:34:45","slug":"guercif-saisie-de-475-kg-de-chira","status":"publish","type":"post","link":"https:\/\/linitiative.ca\/International\/guercif-saisie-de-475-kg-de-chira\/","title":{"rendered":"Guercif: saisie de 475 kg de Chira"},"content":{"rendered":"<div class=\"single-featured\"><img alt=\"\" data-src=\"http:\/\/www.mapoujda.ma\/map\/uploads\/2020\/11\/Saisie-de-Chira-M750&#xD7;430-MAP-Archive.jpg\"\/><\/div>\n<div class=\"entry-content clearfix single-post-content\" readability=\"55\">\n<p class=\"c4\">Les \u00e9l\u00e9ments de la Brigade antigang relevant du Service pr\u00e9fectoral de la police judiciaire de F\u00e8s ont mis en \u00e9chec mardi, sur la base d\u2019informations pr\u00e9cises fournies par les services de la Direction g\u00e9n\u00e9rale de la surveillance du territoire, une deuxi\u00e8me op\u00e9ration de trafic de drogue et proc\u00e9d\u00e9 \u00e0 la saisie d\u2019une quantit\u00e9 de 475 kg de Chira aux environs de Guercif.<\/p>\n<p class=\"c4\">Dans un communiqu\u00e9, la Direction g\u00e9n\u00e9rale de la s\u00fbret\u00e9 nationale (DGSN) indique que cette op\u00e9ration, men\u00e9e en \u00e9troite coordination avec la Brigade r\u00e9gionale de la police judiciaire \u00e0 F\u00e8s, fait suite aux recherches et investigations men\u00e9es apr\u00e8s l\u2019avortement par les services s\u00e9curitaires, plus t\u00f4t dans la journ\u00e9e, d\u2019une premi\u00e8re tentative de trafic de 850 kg de Chira au niveau de la route nationale reliant Outat El Haj et Boulemane.<\/p>\n<p class=\"c4\">Ainsi, poursuit la DGSN, cette affaire a permis de saisir un total 1.325 kg de Chira, ajoutant que les recherches et investigations se poursuivent sous la supervisions du parquet comp\u00e9tent pour \u00e9lucider les tenants et aboutissants de cette affaire et interpeller l\u2019ensemble des suspects impliqu\u00e9s dans ces actes criminels.<\/p>\n<\/div>\n<p>Auteur: Soufiane ELAHMAR<br \/>\n<a href=\"http:\/\/www.mapoujda.ma\/fr\/guercif-saisie-de-475-kg-de-chira\/\">Cliquez ici pour lire l&rsquo;article depuis sa source.<\/a><\/p>\n","protected":false},"excerpt":{"rendered":"<p>Les \u00e9l\u00e9ments de la Brigade antigang relevant du Service pr\u00e9fectoral de la police judiciaire de F\u00e8s ont mis en \u00e9chec mardi, sur la base d\u2019informations pr\u00e9cises fournies par les services de la Direction g\u00e9n\u00e9rale de la surveillance du territoire, une deuxi\u00e8me op\u00e9ration de trafic de drogue et proc\u00e9d\u00e9 \u00e0 la saisie d\u2019une quantit\u00e9 de 475 [&hellip;]<\/p>\n","protected":false},"author":1788,"featured_media":0,"comment_status":"closed","ping_status":"closed","sticky":false,"template":"","format":"standard","meta":{"fifu_image_url":"http:\/\/www.mapoujda.ma\/map\/uploads\/2020\/11\/Saisie-de-Chira-M750\u00d7430-MAP-Archive.jpg","fifu_image_alt":"Guercif: saisie de 475 kg de Chira","footnotes":""},"categories":[54,76],"tags":[],"class_list":["post-110904","post","type-post","status-publish","format-standard","hentry","category-maroc","category-regions"],"_links":{"self":[{"href":"https:\/\/linitiative.ca\/International\/wp-json\/wp\/v2\/posts\/110904","targetHints":{"allow":["GET"]}}],"collection":[{"href":"https:\/\/linitiative.ca\/International\/wp-json\/wp\/v2\/posts"}],"about":[{"href":"https:\/\/linitiative.ca\/International\/wp-json\/wp\/v2\/types\/post"}],"author":[{"embeddable":true,"href":"https:\/\/linitiative.ca\/International\/wp-json\/wp\/v2\/users\/1788"}],"replies":[{"embeddable":true,"href":"https:\/\/linitiative.ca\/International\/wp-json\/wp\/v2\/comments?post=110904"}],"version-history":[{"count":0,"href":"https:\/\/linitiative.ca\/International\/wp-json\/wp\/v2\/posts\/110904\/revisions"}],"wp:attachment":[{"href":"https:\/\/linitiative.ca\/International\/wp-json\/wp\/v2\/media?parent=110904"}],"wp:term":[{"taxonomy":"category","embeddable":true,"href":"https:\/\/linitiative.ca\/International\/wp-json\/wp\/v2\/categories?post=110904"},{"taxonomy":"post_tag","embeddable":true,"href":"https:\/\/linitiative.ca\/International\/wp-json\/wp\/v2\/tags?post=110904"}],"curies":[{"name":"wp","href":"https:\/\/api.w.org\/{rel}","templated":true}]}}