{"id":110905,"date":"2021-02-09T12:15:54","date_gmt":"2021-02-09T17:15:54","guid":{"rendered":"https:\/\/linitiative.ca\/International\/covid19-536-nouveaux-cas-16-morts-et-615-181-vaccines\/"},"modified":"2021-02-09T12:15:54","modified_gmt":"2021-02-09T17:15:54","slug":"covid19-536-nouveaux-cas-16-morts-et-615-181-vaccines","status":"publish","type":"post","link":"https:\/\/linitiative.ca\/International\/covid19-536-nouveaux-cas-16-morts-et-615-181-vaccines\/","title":{"rendered":"Covid19: 536 nouveaux cas, 16 morts et 615 181 vaccin\u00e9s"},"content":{"rendered":"<p>Le Maroc a enregistr\u00e9 <span>536\u00a0<\/span>nouveaux cas de Covid19 durant les derni\u00e8res 24 heures, ce qui porte le total \u00e0\u00a0<span>476 125<\/span> cas confirm\u00e9s, d&rsquo;apr\u00e8s le nouveau bilan du minist\u00e8re de la Sant\u00e9 de ce mardi 9\u00a0f\u00e9vrier 2021. Le nombre de personnes vaccin\u00e9es se chiffre \u00e0 <span>615 181<\/span>, indique \u00e9galement le minist\u00e8re. Casablanca-Settat a enregistr\u00e9 <span>272\u00a0<\/span>nouveaux cas, alors que l&rsquo;Oriental en compte <span>59\u00a0<\/span>. Au total, <span>9 378\u00a0<\/span>nouveaux tests ont \u00e9t\u00e9 r\u00e9alis\u00e9s.<\/p>\n<p class=\"rtejustify\">Quant au nombre de d\u00e9c\u00e8s, il s&rsquo;\u00e9tablit \u00e0 <span>8 424<\/span>, soit <span>16\u00a0<\/span>morts de plus en 24 heures (taux de l\u00e9talit\u00e9 1,8%), alors que <span>1035<\/span>\u00a0nouvelles gu\u00e9risons ont \u00e9t\u00e9 recens\u00e9es, soit au total <span>456 032\u00a0<\/span>(taux de gu\u00e9rison 95,8%).<\/p>\n<p class=\"rtejustify\">Le nombre de cas encore actifs atteint <span>11 669<\/span>, dont <span>554\u00a0<\/span>s\u00e9v\u00e8res. Parmi ces derniers,\u00a0 <span>43\u00a0<\/span>sont sous intubation, alors que sont <span>305\u00a0<\/span>sous ventilation non invasive. Par ailleurs, le taux d&rsquo;occupation des lits d\u00e9di\u00e9s au Covid-19 atteint 17,5%.<\/p>\n<blockquote readability=\"4.75\">\n<p class=\"rtejustify\"><strong><em>Pour plus de d\u00e9tails, voir l&rsquo;\u00e9volution en temps r\u00e9el de l&rsquo;\u00e9pid\u00e9mie sur <a href=\"https:\/\/www.leconomiste.com\/covid19\/\">https:\/\/www.leconomiste.com\/covid19\/<\/a><\/em><\/strong><\/p>\n<\/blockquote>\n<p>Auteur: mbasraoui<br \/>\n<a href=\"https:\/\/www.leconomiste.com\/flash-infos\/covid19-536-nouveaux-cas-16-morts-et-615-181-vaccines\">Cliquez ici pour lire l&rsquo;article depuis sa source.<\/a><\/p>\n","protected":false},"excerpt":{"rendered":"<p>Le Maroc a enregistr\u00e9 536\u00a0nouveaux cas de Covid19 durant les derni\u00e8res 24 heures, ce qui porte le total \u00e0\u00a0476 125 cas confirm\u00e9s, d&rsquo;apr\u00e8s le nouveau bilan du minist\u00e8re de la Sant\u00e9 de ce mardi 9\u00a0f\u00e9vrier 2021. Le nombre de personnes vaccin\u00e9es se chiffre \u00e0 615 181, indique \u00e9galement le minist\u00e8re. Casablanca-Settat a enregistr\u00e9 272\u00a0nouveaux cas, [&hellip;]<\/p>\n","protected":false},"author":1763,"featured_media":0,"comment_status":"closed","ping_status":"closed","sticky":false,"template":"","format":"standard","meta":{"fifu_image_url":"","fifu_image_alt":"","footnotes":""},"categories":[78,54],"tags":[],"class_list":["post-110905","post","type-post","status-publish","format-standard","hentry","category-economie","category-maroc"],"_links":{"self":[{"href":"https:\/\/linitiative.ca\/International\/wp-json\/wp\/v2\/posts\/110905","targetHints":{"allow":["GET"]}}],"collection":[{"href":"https:\/\/linitiative.ca\/International\/wp-json\/wp\/v2\/posts"}],"about":[{"href":"https:\/\/linitiative.ca\/International\/wp-json\/wp\/v2\/types\/post"}],"author":[{"embeddable":true,"href":"https:\/\/linitiative.ca\/International\/wp-json\/wp\/v2\/users\/1763"}],"replies":[{"embeddable":true,"href":"https:\/\/linitiative.ca\/International\/wp-json\/wp\/v2\/comments?post=110905"}],"version-history":[{"count":0,"href":"https:\/\/linitiative.ca\/International\/wp-json\/wp\/v2\/posts\/110905\/revisions"}],"wp:attachment":[{"href":"https:\/\/linitiative.ca\/International\/wp-json\/wp\/v2\/media?parent=110905"}],"wp:term":[{"taxonomy":"category","embeddable":true,"href":"https:\/\/linitiative.ca\/International\/wp-json\/wp\/v2\/categories?post=110905"},{"taxonomy":"post_tag","embeddable":true,"href":"https:\/\/linitiative.ca\/International\/wp-json\/wp\/v2\/tags?post=110905"}],"curies":[{"name":"wp","href":"https:\/\/api.w.org\/{rel}","templated":true}]}}