{"id":110907,"date":"2021-02-09T10:30:00","date_gmt":"2021-02-09T15:30:00","guid":{"rendered":"https:\/\/linitiative.ca\/International\/gigantesques-manifestations-contre-le-coup-detat\/"},"modified":"2021-02-09T10:30:00","modified_gmt":"2021-02-09T15:30:00","slug":"gigantesques-manifestations-contre-le-coup-detat","status":"publish","type":"post","link":"https:\/\/linitiative.ca\/International\/gigantesques-manifestations-contre-le-coup-detat\/","title":{"rendered":"Gigantesques manifestations contre le coup d&rsquo;\u00c9tat"},"content":{"rendered":"<p class=\"p1 c4\"><span class=\"c3\"><span class=\"s1 c2\"><strong>Le Temps \u2013 Agences-<\/strong><\/span> <strong>La t\u00e9l\u00e9vision d&rsquo;\u00c9tat birmane a fait planer hier pour la premi\u00e8re fois la menace d'\u00a0\u00bbactions\u00a0\u00bb contre les contestataires alors que des foules massives manifestaient pour la troisi\u00e8me journ\u00e9e cons\u00e9cutive en Birmanie contre le coup d&rsquo;\u00c9tat qui a renvers\u00e9 Aung San Suu Kyi.<\/strong><\/span><\/p>\n<p class=\"p1 c5\"><span class=\"c3\">Il s&rsquo;agit du premier avertissement lanc\u00e9 par les autorit\u00e9s depuis le d\u00e9but des manifestations samedi dans le pays, o\u00f9 la fronde grandit. Hier, plusieurs centaines de milliers de personnes, d&rsquo;apr\u00e8s diverses estimations, \u00e9taient rassembl\u00e9es \u00e0 Rangoun, la capitale \u00e9conomique.<\/span><\/p>\n<p class=\"p1 c5\"><span class=\"c3\">D&rsquo;autres ouvriers ont rejoint le mouvement ainsi que des moines en robe safran, des avocats, des \u00e9tudiants, et des infirmi\u00e8res agitant des drapeaux rouges aux couleurs de la Ligue nationale pour la d\u00e9mocratie (LND), le parti d&rsquo;Aung San Suu Kyi, d\u00e9tenue au secret depuis hier.<\/span><\/p>\n<p class=\"p1 c5\"><span class=\"c3\">\u00ab\u00a0Avant nous vivions dans la crainte, mais nous avons eu un gouvernement d\u00e9mocratique pendant cinq ans. Nous n&rsquo;avons plus peur. On ne se laissera pas faire\u00a0\u00bb, a lanc\u00e9 Kyaw Zin Tun, ing\u00e9nieur de 29 ans.<\/span><\/p>\n<p class=\"p2 c6\">\u00a0<\/p>\n<p class=\"p3 c7\"><span class=\"c3\"><strong>Un appel \u00e0 \u00ab\u00a0la gr\u00e8ve g\u00e9n\u00e9rale\u00a0\u00bb<\/strong><\/span><\/p>\n<p class=\"p1 c5\"><span class=\"c3\">Des manifestations se tenaient \u00e9galement dans de nombreuses autres villes du pays, beaucoup d&rsquo;habitants d\u00e9filant sur leurs deux-roues dans un concert de klaxons, comme \u00e0 Tang\u00fb \u00e0 300 kilom\u00e8tres au nord de Rangoun.<\/span><\/p>\n<p class=\"p1 c5\"><span class=\"c3\">A NayPyidaw, la capitale, les forces de l&rsquo;ordre ont fait usage de canons \u00e0 eau contre des manifestants, selon des journalistes. Deux personnes ont \u00e9t\u00e9 bless\u00e9es, d&rsquo;apr\u00e8s cette source, tandis que des images diffus\u00e9es sur les r\u00e9seaux sociaux montraient deux protestataires \u00e0 terre apr\u00e8s avoir \u00e9t\u00e9 vis\u00e9s par les canons. Dimanche, les manifestations se sont d\u00e9roul\u00e9es sans incident majeur.<\/span><\/p>\n<p class=\"p1 c5\"><span class=\"c3\">Des dizaines de fonctionnaires avaient d\u00e9j\u00e0 cess\u00e9 le travail la semaine derni\u00e8re, en signe de protestation. Ce vent de contestation est in\u00e9dit en Birmanie depuis le soul\u00e8vement populaire de 2007, violemment r\u00e9prim\u00e9 par l&rsquo;arm\u00e9e.<\/span><\/p>\n<p class=\"p1 c5\"><span class=\"c3\">Quel est le but exact des manifestants, s&rsquo;interroge Soe Myint Aung, analyste au centre de recherche ind\u00e9pendante de Rangoun. \u00ab\u00a0Revenir au fragile \u00e9quilibre entre gouvernement civil et militaires d&rsquo;avant les l\u00e9gislatives de novembre 2020 ou cette fois totalement chasser l&rsquo;arm\u00e9e du pouvoir ?\u00a0\u00bb<\/span><\/p>\n<p class=\"p2 c6\">\u00a0<\/p>\n<p class=\"p3 c7\"><span class=\"c3\"><strong>Un acc\u00e8s \u00e0 Facebook<span class=\"Apple-converted-space\">\u00a0<\/span><\/strong><\/span><\/p>\n<p class=\"p3 c7\"><span class=\"c3\"><strong>restreint<\/strong><\/span><\/p>\n<p class=\"p1 c5\"><span class=\"c3\">Les g\u00e9n\u00e9raux putschistes ont mis fin le 1er f\u00e9vrier \u00e0 une fragile transition d\u00e9mocratique, en instaurant l&rsquo;\u00e9tat d&rsquo;urgence pour un an et en arr\u00eatant Aung San Suu Kyi ainsi que d&rsquo;autres dirigeants de la LND. Depuis, plus de 150 personnes &#8211; d\u00e9put\u00e9s, responsables locaux, activistes &#8211; ont \u00e9t\u00e9 interpell\u00e9es et sont toujours en d\u00e9tention, selon l&rsquo;AAPP.<\/span><\/p>\n<p class=\"p1 c5\"><span class=\"c3\">Les connexions internet ont \u00e9t\u00e9 partiellement r\u00e9tablies dimanche apr\u00e8s avoir \u00e9t\u00e9 tr\u00e8s perturb\u00e9es pendant 24 heures. Les donn\u00e9es mobiles ont aussi \u00e9t\u00e9 restaur\u00e9es, a fait savoir le Norv\u00e9gien Telnor, l&rsquo;un des principaux fournisseurs d&rsquo;acc\u00e8s du pays.<\/span><\/p>\n<p class=\"p1 c5\"><span class=\"c3\">L&rsquo;acc\u00e8s \u00e0 Facebook, outil de communication pour des millions de Birmans, restait en revanche restreint ce lundi. Beaucoup d\u00e9tournaient la censure en utilisant des VPN, outils qui permettent de contourner les restrictions g\u00e9ographiques.<\/span><\/p>\n<p class=\"p2 c6\">\u00a0<\/p>\n<p class=\"p3 c7\"><span class=\"c3\"><strong>Une crise au c\u0153ur<span class=\"Apple-converted-space\">\u00a0<\/span><\/strong><\/span><\/p>\n<p class=\"p3 c7\"><span class=\"c3\"><strong>de l&rsquo;agenda international<\/strong><\/span><\/p>\n<p class=\"p1 c5\"><span class=\"c3\">Les \u00e9v\u00e8nements restaient au c\u0153ur de l&rsquo;agenda international. Le pape Fran\u00e7ois a exprim\u00e9 sa \u00ab\u00a0solidarit\u00e9 avec le peuple birman\u00a0\u00bb et exhort\u00e9 l&rsquo;arm\u00e9e \u00e0 oeuvrer en faveur d&rsquo;une \u00ab\u00a0coexistence d\u00e9mocratique\u00a0\u00bb.<\/span><\/p>\n<p class=\"p1 c4\">\u00a0<\/p>\n<p class=\"p1 c5\"><span class=\"c3\">Quelques jours plus t\u00f4t, l&rsquo;ONU avait appel\u00e9 \u00e0 la lib\u00e9ration des d\u00e9tenus mais n&rsquo;avait pas condamn\u00e9 formellement le coup d&rsquo;\u00c9tat dans sa d\u00e9claration commune, P\u00e9kin et Moscou, soutiens traditionnels de l&rsquo;arm\u00e9e birmane aux Nations Unies, s&rsquo;opposant \u00e0 cette formulation. Les Etats-Unis et l&rsquo;Union europ\u00e9enne font de leurs c\u00f4t\u00e9s planer la menace de sanctions.<\/span><\/p>\n<p>Auteur: letemps1<br \/>\n<a href=\"http:\/\/www.letemps.com.tn\/article\/119194\/gigantesques-manifestations-contre-le-coup-d%C3%A9tat\">Cliquez ici pour lire l&rsquo;article depuis sa source.<\/a><\/p>\n","protected":false},"excerpt":{"rendered":"<p>Le Temps \u2013 Agences- La t\u00e9l\u00e9vision d&rsquo;\u00c9tat birmane a fait planer hier pour la premi\u00e8re fois la menace d&rsquo;\u00a0\u00bbactions\u00a0\u00bb contre les contestataires alors que des foules massives manifestaient pour la troisi\u00e8me journ\u00e9e cons\u00e9cutive en Birmanie contre le coup d&rsquo;\u00c9tat qui a renvers\u00e9 Aung San Suu Kyi. Il s&rsquo;agit du premier avertissement lanc\u00e9 par les autorit\u00e9s [&hellip;]<\/p>\n","protected":false},"author":1773,"featured_media":0,"comment_status":"closed","ping_status":"closed","sticky":false,"template":"","format":"standard","meta":{"fifu_image_url":"","fifu_image_alt":"","footnotes":""},"categories":[73,55],"tags":[],"class_list":["post-110907","post","type-post","status-publish","format-standard","hentry","category-actualite","category-tunisie"],"_links":{"self":[{"href":"https:\/\/linitiative.ca\/International\/wp-json\/wp\/v2\/posts\/110907","targetHints":{"allow":["GET"]}}],"collection":[{"href":"https:\/\/linitiative.ca\/International\/wp-json\/wp\/v2\/posts"}],"about":[{"href":"https:\/\/linitiative.ca\/International\/wp-json\/wp\/v2\/types\/post"}],"author":[{"embeddable":true,"href":"https:\/\/linitiative.ca\/International\/wp-json\/wp\/v2\/users\/1773"}],"replies":[{"embeddable":true,"href":"https:\/\/linitiative.ca\/International\/wp-json\/wp\/v2\/comments?post=110907"}],"version-history":[{"count":0,"href":"https:\/\/linitiative.ca\/International\/wp-json\/wp\/v2\/posts\/110907\/revisions"}],"wp:attachment":[{"href":"https:\/\/linitiative.ca\/International\/wp-json\/wp\/v2\/media?parent=110907"}],"wp:term":[{"taxonomy":"category","embeddable":true,"href":"https:\/\/linitiative.ca\/International\/wp-json\/wp\/v2\/categories?post=110907"},{"taxonomy":"post_tag","embeddable":true,"href":"https:\/\/linitiative.ca\/International\/wp-json\/wp\/v2\/tags?post=110907"}],"curies":[{"name":"wp","href":"https:\/\/api.w.org\/{rel}","templated":true}]}}