{"id":110908,"date":"2021-02-09T10:30:00","date_gmt":"2021-02-09T15:30:00","guid":{"rendered":"https:\/\/linitiative.ca\/International\/les-nouvelles-violences-ravivent-les-vieilles-craintes\/"},"modified":"2021-02-09T10:30:00","modified_gmt":"2021-02-09T15:30:00","slug":"les-nouvelles-violences-ravivent-les-vieilles-craintes","status":"publish","type":"post","link":"https:\/\/linitiative.ca\/International\/les-nouvelles-violences-ravivent-les-vieilles-craintes\/","title":{"rendered":"Les nouvelles violences ravivent les vieilles craintes"},"content":{"rendered":"<p class=\"p1 c5\"><span class=\"c4\"><span class=\"c3\"><span class=\"s1 c2\"><strong>Le Temps \u2013 Agences-<\/strong><\/span> <strong>Revenu sur ses terres au Darfour apr\u00e8s 10 ans pass\u00e9s dans des camps de d\u00e9plac\u00e9s, Abbas Abdallah a \u00e9t\u00e9 agress\u00e9 et ses r\u00e9coltes ont \u00e9t\u00e9 d\u00e9truites. Il craint aujourd&rsquo;hui de s&rsquo;\u00eatre r\u00e9install\u00e9 trop h\u00e2tivement dans son village de cette r\u00e9gion instable du Soudan.<\/strong><\/span><\/span><\/p>\n<p class=\"p1 c6\"><span class=\"c4\"><span class=\"c3\">Issu de la tribu Bergid, ce fermier a \u00e9t\u00e9 attaqu\u00e9 en janvier par des nomades arabes \u00e0 cheval et \u00e0 dos de chameau dans son village, situ\u00e9 \u00e0 90 kilom\u00e8tres au nord-est de Nyala, capitale du Darfour-Sud.<\/span><\/span><\/p>\n<p class=\"p1 c6\"><span class=\"c4\"><span class=\"c3\">\u00ab\u00a0Les cavaliers arabes m&rsquo;ont fouett\u00e9 et m&rsquo;ont forc\u00e9 \u00e0 rester debout sous le soleil br\u00fblant jusqu&rsquo;au cr\u00e9puscule\u00a0\u00bb, confie l&rsquo;octog\u00e9naire. \u00ab\u00a0Puis ils ont autoris\u00e9 leur b\u00e9tail \u00e0 brouter mes r\u00e9coltes. Tout a \u00e9t\u00e9 d\u00e9truit.\u00a0\u00bb<\/span><\/span><\/p>\n<p class=\"p1 c6\"><span class=\"c4\"><span class=\"c3\">M. Abdallah fait partie des quelque 700 personnes qui ont d\u00e9cid\u00e9 de se r\u00e9installer \u00e0 Hamada ces derni\u00e8res ann\u00e9es, apr\u00e8s avoir fui le conflit meurtrier au Darfour (ouest), d\u00e9but\u00e9 en 2003.<\/span><\/span><\/p>\n<p class=\"p1 c6\"><span class=\"c4\"><span class=\"c3\">La r\u00e9cente attaque qu&rsquo;il a subie n&rsquo;est pas sans rappeler les pires heures du conflit qui a oppos\u00e9 les forces \u00e0 majorit\u00e9 arabe du r\u00e9gime de l&rsquo;ex-pr\u00e9sident Omar el-B\u00e9chir, destitu\u00e9 en avril 2019, \u00e0 des minorit\u00e9s ethniques de la r\u00e9gion s&rsquo;estimant marginalis\u00e9es.<\/span><\/span><\/p>\n<p class=\"p1 c6\"><span class=\"c4\"><span class=\"c3\">Les violences ont fait environ 300.000 morts, surtout dans les premi\u00e8res ann\u00e9es du conflit, et plus de 2,5 millions de d\u00e9plac\u00e9s, selon l&rsquo;ONU.<\/span><\/span><\/p>\n<p class=\"p1 c6\"><span class=\"c4\"><span class=\"c3\">En 2005, Hamada avait \u00e9t\u00e9 attaqu\u00e9 par la milice arm\u00e9e des Janjawids, compos\u00e9e de nomades arabes \u00e0 la solde de B\u00e9chir et accus\u00e9s d&rsquo;avoir commis des atrocit\u00e9s.<\/span><\/span><\/p>\n<p class=\"p1 c6\"><span class=\"c4\"><span class=\"c3\">Ils avaient alors incendi\u00e9 des fermes, abattu des b\u00eates et engendr\u00e9 l&rsquo;exode des 3.000 habitants du village qui se sont r\u00e9fugi\u00e9s &#8211; \u00e0 l&rsquo;instar du vieillard &#8211; dans des camps de d\u00e9plac\u00e9s au Soudan.<\/span><\/span><\/p>\n<p class=\"p1 c6\"><span class=\"c4\"><span class=\"c3\">Constatant un apaisement du conflit, M. Abdallah a d\u00e9cid\u00e9 en 2016 de se r\u00e9installer dans son village, o\u00f9 la mission de paix de l&rsquo;ONU et de l&rsquo;Union Africaine (Minuad) menait alors des patrouilles r\u00e9guli\u00e8res.<\/span><\/span><\/p>\n<p class=\"p1 c6\"><span class=\"c4\"><span class=\"c3\">De retour sur ses terres fertiles, le paysan a repris la culture des oranges, des mangues et de l\u00e9gumes.<\/span><\/span><\/p>\n<p class=\"p1 c6\"><span class=\"c4\"><span class=\"c3\">Des \u00e9chauffour\u00e9es ont parfois \u00e9clat\u00e9 avec des \u00e9leveurs arabes sur l&rsquo;acc\u00e8s \u00e0 la terre ou des vols de b\u00e9tail.<\/span><\/span><\/p>\n<p class=\"p1 c6\"><span class=\"c4\"><span class=\"c3\">Mais la flamb\u00e9e de violence qui a embras\u00e9 la r\u00e9gion \u00e0 la mi-janvier, faisant 250 victimes et des dizaines de bless\u00e9s dans les Etats du Darfour-Sud et Ouest l&rsquo;a terrifi\u00e9.<\/span><\/span><\/p>\n<p class=\"p1 c6\"><span class=\"c4\"><span class=\"c3\">Survenus deux semaines apr\u00e8s la fin de l&rsquo;intervention de la Minuad qui \u00e9tait pr\u00e9sente depuis treize ans dans la r\u00e9gion, ces affrontements ont \u00e9t\u00e9 les plus meurtriers depuis des mois.<\/span><\/span><\/p>\n<p class=\"p1 c6\"><span class=\"c4\"><span class=\"c3\">Outre M. Abdallah, d&rsquo;autres villageois sont inquiets de la hausse de l&rsquo;ins\u00e9curit\u00e9 \u00e0 Hamada.<\/span><\/span><\/p>\n<p class=\"p1 c6\"><span class=\"c4\"><span class=\"c3\">Khadija Bekhit raconte avoir fait face \u00e0 des barrages de miliciens arabes sur la route qu&rsquo;elle emprunte pour ramasser du bois. \u00ab\u00a0Ils nous frappent et nous retiennent pendant des heures\u00a0\u00bb, s&#8217;emporte-t-elle.<\/span><\/span><\/p>\n<p class=\"p1 c6\"><span class=\"c4\"><span class=\"c3\">Munis d&rsquo;armes \u00e0 feu, des nomades arabes d\u00e9truisent r\u00e9guli\u00e8rement les r\u00e9coltes, se d\u00e9sole de son c\u00f4t\u00e9 l&rsquo;agriculteur Mohamed Adam.<\/span><\/span><\/p>\n<p class=\"p1 c6\"><span class=\"c4\"><span class=\"c3\">La d\u00e9ception est grande pour ces habitants qui esp\u00e9raient tourner la page des violences interethniques apr\u00e8s la chute de B\u00e9chir en 2019, sous la pression de la rue.<\/span><\/span><\/p>\n<p class=\"p1 c6\"><span class=\"c4\"><span class=\"c3\">Emprisonn\u00e9 depuis sa destitution, l&rsquo;ex-autocrate est recherch\u00e9 par la Cour p\u00e9nale internationale (CPI) pour \u00ab\u00a0crimes de guerre\u00a0\u00bb, \u00ab\u00a0crimes contre l&rsquo;humanit\u00e9\u00a0\u00bb et \u00ab\u00a0g\u00e9nocide\u00a0\u00bb au Darfour.<\/span><\/span><\/p>\n<p class=\"p1 c5\">\u00a0<\/p>\n<p class=\"p1 c6\"><span class=\"c4\"><span class=\"c3\">En 2020, le gouvernement soudanais de transition &#8211; \u00e0 majorit\u00e9 civile &#8211; s&rsquo;est engag\u00e9 \u00e0 le livrer \u00e0 la CPI et a sign\u00e9 un accord de paix avec plusieurs groupes rebelles, du Darfour notamment.<\/span><\/span><\/p>\n<p>Auteur: letemps1<br \/>\n<a href=\"http:\/\/www.letemps.com.tn\/article\/119195\/les-nouvelles-violences-ravivent-les-vieilles-craintes\">Cliquez ici pour lire l&rsquo;article depuis sa source.<\/a><\/p>\n","protected":false},"excerpt":{"rendered":"<p>Le Temps \u2013 Agences- Revenu sur ses terres au Darfour apr\u00e8s 10 ans pass\u00e9s dans des camps de d\u00e9plac\u00e9s, Abbas Abdallah a \u00e9t\u00e9 agress\u00e9 et ses r\u00e9coltes ont \u00e9t\u00e9 d\u00e9truites. Il craint aujourd&rsquo;hui de s&rsquo;\u00eatre r\u00e9install\u00e9 trop h\u00e2tivement dans son village de cette r\u00e9gion instable du Soudan. Issu de la tribu Bergid, ce fermier a [&hellip;]<\/p>\n","protected":false},"author":1773,"featured_media":0,"comment_status":"closed","ping_status":"closed","sticky":false,"template":"","format":"standard","meta":{"fifu_image_url":"","fifu_image_alt":"","footnotes":""},"categories":[73,55],"tags":[],"class_list":["post-110908","post","type-post","status-publish","format-standard","hentry","category-actualite","category-tunisie"],"_links":{"self":[{"href":"https:\/\/linitiative.ca\/International\/wp-json\/wp\/v2\/posts\/110908","targetHints":{"allow":["GET"]}}],"collection":[{"href":"https:\/\/linitiative.ca\/International\/wp-json\/wp\/v2\/posts"}],"about":[{"href":"https:\/\/linitiative.ca\/International\/wp-json\/wp\/v2\/types\/post"}],"author":[{"embeddable":true,"href":"https:\/\/linitiative.ca\/International\/wp-json\/wp\/v2\/users\/1773"}],"replies":[{"embeddable":true,"href":"https:\/\/linitiative.ca\/International\/wp-json\/wp\/v2\/comments?post=110908"}],"version-history":[{"count":0,"href":"https:\/\/linitiative.ca\/International\/wp-json\/wp\/v2\/posts\/110908\/revisions"}],"wp:attachment":[{"href":"https:\/\/linitiative.ca\/International\/wp-json\/wp\/v2\/media?parent=110908"}],"wp:term":[{"taxonomy":"category","embeddable":true,"href":"https:\/\/linitiative.ca\/International\/wp-json\/wp\/v2\/categories?post=110908"},{"taxonomy":"post_tag","embeddable":true,"href":"https:\/\/linitiative.ca\/International\/wp-json\/wp\/v2\/tags?post=110908"}],"curies":[{"name":"wp","href":"https:\/\/api.w.org\/{rel}","templated":true}]}}