{"id":110910,"date":"2021-02-09T10:30:00","date_gmt":"2021-02-09T15:30:00","guid":{"rendered":"https:\/\/linitiative.ca\/International\/greve-ouverte-du-cadre-paramedical-a-partir-daujourdhui\/"},"modified":"2021-02-09T10:30:00","modified_gmt":"2021-02-09T15:30:00","slug":"greve-ouverte-du-cadre-paramedical-a-partir-daujourdhui","status":"publish","type":"post","link":"https:\/\/linitiative.ca\/International\/greve-ouverte-du-cadre-paramedical-a-partir-daujourdhui\/","title":{"rendered":"Gr\u00e8ve ouverte du cadre param\u00e9dical  \u00e0 partir d\u2019aujourd\u2019hui"},"content":{"rendered":"<p>Le d\u00e9brayage concernera toutes les prestations m\u00e9dicales \u00e0 l\u2019exception des soins urgents<\/p>\n<div readability=\"105\">\n<p class=\"p1 c4\"><span class=\"c3\"><span class=\"s1 c2\"><strong>Le Temps &#8211; Walid KHEFIFI<\/strong><\/span><\/span><\/p>\n<p class=\"p2 c5\"><span class=\"c3\"><strong>La f\u00e9d\u00e9ration g\u00e9n\u00e9rale de la sant\u00e9 a d\u00e9cr\u00e9t\u00e9, hier, une gr\u00e8ve ouverte pour les soins non urgents \u00e0 partir du mardi 9 f\u00e9vrier, en signe de protestation contre le refus du gouvernement d\u2019accorder un statut particulier au cadre param\u00e9dical et aux agents exer\u00e7ant dans les \u00e9tablissements publics de sant\u00e9 et d\u2019activer plusieurs accords en suspens.<\/strong><\/span><\/p>\n<p class=\"p1 c6\"><span class=\"c3\">La f\u00e9d\u00e9ration syndicale, rattach\u00e9e \u00e0 l\u2019Union G\u00e9n\u00e9rale Tunisienne du Travail (UGTT), a \u00e9galement pr\u00e9cis\u00e9, dans un communiqu\u00e9 publi\u00e9 sur sa page Facebook officielle, que les membres de son bureau ex\u00e9cutif s\u2019appr\u00eatent \u00e0 entamer un sit-in ouvert au si\u00e8ge du minist\u00e8re de la sant\u00e9 jusqu\u2019\u00e0 la satisfaction de l\u2019ensemble des revendications du secteur. <span class=\"Apple-converted-space\">\u00a0<\/span><\/span><\/p>\n<p class=\"p1 c6\"><span class=\"c3\">Dans ce m\u00eame cadre, le personnel administratif, le cadre param\u00e9dical (infirmiers, ambulanciers, laborantins, sages-femmes, aides-soignants etc\u2026) et les agents exer\u00e7ant dans les \u00e9tablissements publics de sant\u00e9 ont organis\u00e9, hier, un rassemblement de protestation devant le si\u00e8ge du minist\u00e8re de la Sant\u00e9. <span class=\"Apple-converted-space\">\u00a0<\/span><\/span><\/p>\n<p class=\"p1 c6\"><span class=\"c3\">\u00ab Outre la cr\u00e9ation d\u2019un statut particulier au profit du cadre param\u00e9dical et des autres agents du secteur de la sant\u00e9 publique, nous d\u00e9non\u00e7ons la d\u00e9t\u00e9rioration des prestations de soins dans les h\u00f4pitaux publics \u00bb, a soulign\u00e9 la secr\u00e9taire g\u00e9n\u00e9rale-adjointe de la f\u00e9d\u00e9ration g\u00e9n\u00e9rale de la sant\u00e9, Amel Adersa, lors de ce mouvement de protestation.<span class=\"Apple-converted-space\">\u00a0<\/span><\/span><\/p>\n<p class=\"p1 c6\"><span class=\"c3\">La f\u00e9d\u00e9ration g\u00e9n\u00e9rale de la sant\u00e9 r\u00e9clame l\u2019application de l\u2019article 2 de la loi n\u00b0 83-112 du 12 d\u00e9cembre 1983 portant statut g\u00e9n\u00e9ral des personnels de l&rsquo;Etat, qui permet \u00e0 certains corps de m\u00e9tiers de b\u00e9n\u00e9ficier d\u2019un statut particulier.<span class=\"Apple-converted-space\">\u00a0<\/span><\/span><\/p>\n<p class=\"p1 c6\"><span class=\"c3\">Accord\u00e9 \u00e0 de nombreux autres corps de m\u00e9tiers, ce statut particulier ouvre la voie \u00e0 l\u2019application proc\u00e9dures sp\u00e9cifiques en mati\u00e8re de recrutement, de r\u00e9mun\u00e9ration et de motivation, ce qui implique notamment des majorations salariales en dehors du cadre g\u00e9n\u00e9ral des n\u00e9gociations sociales.<span class=\"Apple-converted-space\">\u00a0<\/span><\/span><\/p>\n<p class=\"p1 c6\"><span class=\"c3\">A travers leur sit-in ouvert au si\u00e8ge du minist\u00e8re de la Sant\u00e9, les membres du bureau ex\u00e9cutif de la f\u00e9d\u00e9ration g\u00e9n\u00e9rale de la sant\u00e9 entendent d\u00e9noncer les derni\u00e8res d\u00e9clarations de la ministre aupr\u00e8s du chef du gouvernement charg\u00e9e de la fonction publique selon lesquelles l\u2019application de l\u2019article 2 de la loi de la fonction publique portant statut g\u00e9n\u00e9ral des personnels de l\u2019Etat au personnel de sant\u00e9, risque de d\u00e9manteler la Fonction publique.<span class=\"Apple-converted-space\">\u00a0<\/span><\/span><\/p>\n<p class=\"p1 c6\"><span class=\"c3\">\u00abCes d\u00e9clarations constituent une remise en cause des accords conclus au profit du secteur de la sant\u00e9 dont notamment l\u2019accord sign\u00e9, samedi dernier, par le comit\u00e9 sup\u00e9rieur des n\u00e9gociations 5+5 UGTT-Gouvernement concernant l\u2019activation des accords sectoriels en suspens\u00bb, a d\u00e9clar\u00e9<span class=\"Apple-converted-space\">\u00a0<\/span> le secr\u00e9taire g\u00e9n\u00e9ral de la f\u00e9d\u00e9ration, Othman Jallouli.<span class=\"Apple-converted-space\">\u00a0<\/span><\/span><\/p>\n<p class=\"p1 c6\"><span class=\"c3\">La f\u00e9d\u00e9ration g\u00e9n\u00e9rale de la sant\u00e9<span class=\"Apple-converted-space\">\u00a0<\/span> revendique par ailleurs l\u2019activation de plusieurs accords ant\u00e9rieurs sign\u00e9s entre le minist\u00e8re de tutelle et la partie syndicale (r\u00e9gularisation de la situation des contractuels et des agents temporaires, cr\u00e9ation d\u2019une direction d\u00e9di\u00e9e aux soins et \u00e0 l\u2019infirmerie au sein du minist\u00e8re, actualisation du d\u00e9cret relatif \u00e0 la p\u00e9nibilit\u00e9 de certains m\u00e9tiers etc ) ainsi que l\u2019obtention d\u2019une nouvelle<span class=\"Apple-converted-space\">\u00a0<\/span> indemnit\u00e9 li\u00e9e aux \u00e9pid\u00e9mies et au travail dans certaines unit\u00e9s \u00e0 haut risque tels que les urgences ou encore les services de r\u00e9animation et des maladies infectieuses. <span class=\"Apple-converted-space\">\u00a0<\/span><\/span><\/p>\n<p class=\"p2 c7\">\u00a0<\/p>\n<p class=\"p2 c5\">\u00a0<\/p>\n<p class=\"p3 c8\"><span class=\"c3\"><strong>W.K.<span class=\"Apple-converted-space\">\u00a0<\/span><\/strong><\/span><\/p>\n<\/div>\n<p>Auteur: letemps1<br \/>\n<a href=\"http:\/\/www.letemps.com.tn\/article\/119197\/gr%C3%A8ve-ouverte-du-cadre-param%C3%A9dical-%C3%A0-partir-d%E2%80%99aujourd%E2%80%99hui\">Cliquez ici pour lire l&rsquo;article depuis sa source.<\/a><\/p>\n","protected":false},"excerpt":{"rendered":"<p>Le d\u00e9brayage concernera toutes les prestations m\u00e9dicales \u00e0 l\u2019exception des soins urgents Le Temps &#8211; Walid KHEFIFI La f\u00e9d\u00e9ration g\u00e9n\u00e9rale de la sant\u00e9 a d\u00e9cr\u00e9t\u00e9, hier, une gr\u00e8ve ouverte pour les soins non urgents \u00e0 partir du mardi 9 f\u00e9vrier, en signe de protestation contre le refus du gouvernement d\u2019accorder un statut particulier au cadre [&hellip;]<\/p>\n","protected":false},"author":1773,"featured_media":0,"comment_status":"closed","ping_status":"closed","sticky":false,"template":"","format":"standard","meta":{"fifu_image_url":"","fifu_image_alt":"","footnotes":""},"categories":[73,55],"tags":[],"class_list":["post-110910","post","type-post","status-publish","format-standard","hentry","category-actualite","category-tunisie"],"_links":{"self":[{"href":"https:\/\/linitiative.ca\/International\/wp-json\/wp\/v2\/posts\/110910","targetHints":{"allow":["GET"]}}],"collection":[{"href":"https:\/\/linitiative.ca\/International\/wp-json\/wp\/v2\/posts"}],"about":[{"href":"https:\/\/linitiative.ca\/International\/wp-json\/wp\/v2\/types\/post"}],"author":[{"embeddable":true,"href":"https:\/\/linitiative.ca\/International\/wp-json\/wp\/v2\/users\/1773"}],"replies":[{"embeddable":true,"href":"https:\/\/linitiative.ca\/International\/wp-json\/wp\/v2\/comments?post=110910"}],"version-history":[{"count":0,"href":"https:\/\/linitiative.ca\/International\/wp-json\/wp\/v2\/posts\/110910\/revisions"}],"wp:attachment":[{"href":"https:\/\/linitiative.ca\/International\/wp-json\/wp\/v2\/media?parent=110910"}],"wp:term":[{"taxonomy":"category","embeddable":true,"href":"https:\/\/linitiative.ca\/International\/wp-json\/wp\/v2\/categories?post=110910"},{"taxonomy":"post_tag","embeddable":true,"href":"https:\/\/linitiative.ca\/International\/wp-json\/wp\/v2\/tags?post=110910"}],"curies":[{"name":"wp","href":"https:\/\/api.w.org\/{rel}","templated":true}]}}