{"id":110912,"date":"2021-02-09T15:14:10","date_gmt":"2021-02-09T20:14:10","guid":{"rendered":"https:\/\/linitiative.ca\/International\/international-chelsea-ziyech-rassure-sur-son-etat-de-forme\/"},"modified":"2021-02-09T15:14:10","modified_gmt":"2021-02-09T20:14:10","slug":"international-chelsea-ziyech-rassure-sur-son-etat-de-forme","status":"publish","type":"post","link":"https:\/\/linitiative.ca\/International\/international-chelsea-ziyech-rassure-sur-son-etat-de-forme\/","title":{"rendered":"International : Chelsea : Ziyech rassure sur son \u00e9tat de forme"},"content":{"rendered":"<div readability=\"32\">\n<p>Auteur : <span class=\"time\">mardi 09 f\u00e9vrier 2021 15:00<\/span><\/p>\n<\/div>\n<div id=\"post_core\" readability=\"43\">\n<p>Laiss\u00e9 sur le banc depuis l\u2019arriv\u00e9e de Thomas Tuchel, le milieu de 27 ans n\u2019a pas encore eu l\u2019occasion de se montrer.<\/p>\n<p>Thomas Tuchel avait d\u2019ailleurs tenu \u00e0 clarifier la situation concernant Hakim Ziyech. Le technicien allemand avait expliqu\u00e9 que l\u2019ancien de l\u2019Ajax semblait fatigu\u00e9 et qu\u2019il ne voulait pas prendre le risque de le voir se blesser \u00e0 nouveau. Dans des propos relay\u00e9s par Footmercato, Hakim Ziyech a rassur\u00e9 les supporters sur sa forme.\u00a0\u00ab Vous n&rsquo;avez pas encore vu le vrai Ziyech. Mais ne vous inqui\u00e9tez pas, il est en route \u00bb\u00a0a-t-il d\u00e9clar\u00e9. Une bonne nouvelle pour les fans de Chelsea et pour l&rsquo;ancien entra\u00eeneur du PSG qui pourrait bien faire du Marocain l\u2019un de ses hommes forts en attaque.<\/p>\n<p><strong>Publi\u00e9 dans :<\/strong> <span>Chelsea : Hakim Ziyech<\/span><\/p>\n<\/div>\n<p>Auteur:<br \/>\n<a href=\"http:\/\/www.lebuteur.com\/article\/detail?titre=chelsea-ziyech-rassure-sur-son-etat-de-forme&#038;id=99014&#038;utm_source=feedburner&#038;utm_medium=feed&#038;utm_campaign=Feed%3A+GalerieFArtciles+%28Les+derniers+articles++-+lebuteur.com%29\">Cliquez ici pour lire l&rsquo;article depuis sa source.<\/a><\/p>\n","protected":false},"excerpt":{"rendered":"<p>Auteur : mardi 09 f\u00e9vrier 2021 15:00 Laiss\u00e9 sur le banc depuis l\u2019arriv\u00e9e de Thomas Tuchel, le milieu de 27 ans n\u2019a pas encore eu l\u2019occasion de se montrer. Thomas Tuchel avait d\u2019ailleurs tenu \u00e0 clarifier la situation concernant Hakim Ziyech. Le technicien allemand avait expliqu\u00e9 que l\u2019ancien de l\u2019Ajax semblait fatigu\u00e9 et qu\u2019il ne [&hellip;]<\/p>\n","protected":false},"author":1738,"featured_media":0,"comment_status":"closed","ping_status":"closed","sticky":false,"template":"","format":"standard","meta":{"fifu_image_url":"\/\/cdn.lebuteur.com\/data\/images\/article\/thumbs\/large-99014chelsea-ziyech-rassure-sur-son-etat-de-forme-2723c.jpg","fifu_image_alt":"International : Chelsea : Ziyech rassure sur son \u00e9tat de forme","footnotes":""},"categories":[53,75],"tags":[],"class_list":["post-110912","post","type-post","status-publish","format-standard","hentry","category-algerie","category-sport"],"_links":{"self":[{"href":"https:\/\/linitiative.ca\/International\/wp-json\/wp\/v2\/posts\/110912","targetHints":{"allow":["GET"]}}],"collection":[{"href":"https:\/\/linitiative.ca\/International\/wp-json\/wp\/v2\/posts"}],"about":[{"href":"https:\/\/linitiative.ca\/International\/wp-json\/wp\/v2\/types\/post"}],"author":[{"embeddable":true,"href":"https:\/\/linitiative.ca\/International\/wp-json\/wp\/v2\/users\/1738"}],"replies":[{"embeddable":true,"href":"https:\/\/linitiative.ca\/International\/wp-json\/wp\/v2\/comments?post=110912"}],"version-history":[{"count":0,"href":"https:\/\/linitiative.ca\/International\/wp-json\/wp\/v2\/posts\/110912\/revisions"}],"wp:attachment":[{"href":"https:\/\/linitiative.ca\/International\/wp-json\/wp\/v2\/media?parent=110912"}],"wp:term":[{"taxonomy":"category","embeddable":true,"href":"https:\/\/linitiative.ca\/International\/wp-json\/wp\/v2\/categories?post=110912"},{"taxonomy":"post_tag","embeddable":true,"href":"https:\/\/linitiative.ca\/International\/wp-json\/wp\/v2\/tags?post=110912"}],"curies":[{"name":"wp","href":"https:\/\/api.w.org\/{rel}","templated":true}]}}