{"id":110913,"date":"2021-02-09T15:14:12","date_gmt":"2021-02-09T20:14:12","guid":{"rendered":"https:\/\/linitiative.ca\/International\/pros-schalke-04-bentaleb-reintegre-le-groupe-pro\/"},"modified":"2021-02-09T15:14:12","modified_gmt":"2021-02-09T20:14:12","slug":"pros-schalke-04-bentaleb-reintegre-le-groupe-pro","status":"publish","type":"post","link":"https:\/\/linitiative.ca\/International\/pros-schalke-04-bentaleb-reintegre-le-groupe-pro\/","title":{"rendered":"Pros : Schalke 04: Bentaleb r\u00e9int\u00e8gre le groupe pro"},"content":{"rendered":"<div readability=\"32\">\n<p>Auteur : <span class=\"time\">mardi 09 f\u00e9vrier 2021 18:48<\/span><\/p>\n<\/div>\n<div id=\"post_core\" readability=\"41\">\n<p>Exclu du groupe depuis plusieurs mois apr\u00e8s des \u00e9carts de comportement au d\u00e9but de saison, Nabil Bentaleb avait tent\u00e9, pendant le mercato d\u2019hiver, de faire ses valises et quitter Schalke. Sans succ\u00e8s. Dans une situation difficile, l\u2019international alg\u00e9rien pourrait bien conna\u00eetre une fin de saison plus heureuse que pr\u00e9vue. Apr\u00e8s une discussion avec son nouvel entra\u00eeneur Christian Gross, le joueur de 26 ans va finalement r\u00e9int\u00e9grer le groupe professionnel. Un atout de taille dans la course au maintien pour son \u00e9quipe, si l\u2019ancien de Tottenham r\u00e9ussi \u00e0 retrouver son vrai niveau rapporte FootMercato.<\/p>\n<p><strong>Publi\u00e9 dans :<\/strong> <span>bentaleb<\/span><\/p>\n<\/div>\n<p>Auteur:<br \/>\n<a href=\"http:\/\/www.lebuteur.com\/article\/detail?titre=schalke-04-bentaleb-reintegre-le-groupe-pro&#038;id=99016&#038;utm_source=feedburner&#038;utm_medium=feed&#038;utm_campaign=Feed%3A+GalerieFArtciles+%28Les+derniers+articles++-+lebuteur.com%29\">Cliquez ici pour lire l&rsquo;article depuis sa source.<\/a><\/p>\n","protected":false},"excerpt":{"rendered":"<p>Auteur : mardi 09 f\u00e9vrier 2021 18:48 Exclu du groupe depuis plusieurs mois apr\u00e8s des \u00e9carts de comportement au d\u00e9but de saison, Nabil Bentaleb avait tent\u00e9, pendant le mercato d\u2019hiver, de faire ses valises et quitter Schalke. Sans succ\u00e8s. Dans une situation difficile, l\u2019international alg\u00e9rien pourrait bien conna\u00eetre une fin de saison plus heureuse que [&hellip;]<\/p>\n","protected":false},"author":1738,"featured_media":0,"comment_status":"closed","ping_status":"closed","sticky":false,"template":"","format":"standard","meta":{"fifu_image_url":"\/\/cdn.lebuteur.com\/data\/images\/article\/thumbs\/large-schalke-04-bentaleb-reintegre-le-groupe-pro-ea3ec.jpg","fifu_image_alt":"Pros : Schalke 04: Bentaleb r\u00e9int\u00e8gre le groupe pro","footnotes":""},"categories":[53,75],"tags":[],"class_list":["post-110913","post","type-post","status-publish","format-standard","hentry","category-algerie","category-sport"],"_links":{"self":[{"href":"https:\/\/linitiative.ca\/International\/wp-json\/wp\/v2\/posts\/110913","targetHints":{"allow":["GET"]}}],"collection":[{"href":"https:\/\/linitiative.ca\/International\/wp-json\/wp\/v2\/posts"}],"about":[{"href":"https:\/\/linitiative.ca\/International\/wp-json\/wp\/v2\/types\/post"}],"author":[{"embeddable":true,"href":"https:\/\/linitiative.ca\/International\/wp-json\/wp\/v2\/users\/1738"}],"replies":[{"embeddable":true,"href":"https:\/\/linitiative.ca\/International\/wp-json\/wp\/v2\/comments?post=110913"}],"version-history":[{"count":0,"href":"https:\/\/linitiative.ca\/International\/wp-json\/wp\/v2\/posts\/110913\/revisions"}],"wp:attachment":[{"href":"https:\/\/linitiative.ca\/International\/wp-json\/wp\/v2\/media?parent=110913"}],"wp:term":[{"taxonomy":"category","embeddable":true,"href":"https:\/\/linitiative.ca\/International\/wp-json\/wp\/v2\/categories?post=110913"},{"taxonomy":"post_tag","embeddable":true,"href":"https:\/\/linitiative.ca\/International\/wp-json\/wp\/v2\/tags?post=110913"}],"curies":[{"name":"wp","href":"https:\/\/api.w.org\/{rel}","templated":true}]}}