{"id":110914,"date":"2021-02-09T15:14:14","date_gmt":"2021-02-09T20:14:14","guid":{"rendered":"https:\/\/linitiative.ca\/International\/international-rummenigge-voit-salah-comme-le-messi-africain-et-aimerait-lavoir-au-bayern\/"},"modified":"2021-02-09T15:14:14","modified_gmt":"2021-02-09T20:14:14","slug":"international-rummenigge-voit-salah-comme-le-messi-africain-et-aimerait-lavoir-au-bayern","status":"publish","type":"post","link":"https:\/\/linitiative.ca\/International\/international-rummenigge-voit-salah-comme-le-messi-africain-et-aimerait-lavoir-au-bayern\/","title":{"rendered":"International : Rummenigge voit Salah comme \u00ab\u00a0le Messi africain\u00a0\u00bb et aimerait l&rsquo;avoir au Bayern"},"content":{"rendered":"<div readability=\"32\">\n<p>Auteur : <span class=\"time\">mardi 09 f\u00e9vrier 2021 19:07<\/span><\/p>\n<\/div>\n<div id=\"post_core\" readability=\"60\">\n<p>FC Barcelone, Real Madrid et maintenant le Bayern Munich ? N\u2019ayant jamais cach\u00e9 son admirations pour les deux clubs espagnols, Mohamed Salah a fait une nouvelle victime gr\u00e2ce \u00e0 ses performances. \u00a0\u00ab\u00a0Je pense que Madrid et Barcelone sont des clubs de haut niveau&#8230; On ne sait jamais ce qui va se passer \u00e0 l&rsquo;avenir\u00a0\u00bb, avait d\u00e9clar\u00e9 l\u2019ailier en d\u00e9cembre dernier. Karl-Heinz Rummenigge est tomb\u00e9 totalement sous le charme de l\u2019attaquant de Liverpool, au point de voir en lui \u00ab le Messi africain \u00bb. \u00ab\u00a0\u00c0 mon avis, Salah est le Messi d&rsquo;Afrique et bien s\u00fbr il a les comp\u00e9tences n\u00e9cessaires pour jouer dans les meilleures \u00e9quipes du monde\u00a0\u00bb, a d\u00e9clar\u00e9 Rumminegge \u00e0 ON Time Sport. \u00ab\u00a0Ce qu&rsquo;il [Salah] a r\u00e9alis\u00e9 peut \u00eatre compar\u00e9 \u00e0 ce que Messi et Ronaldo ont fait avec Barcelone et le Real Madrid.\u00a0\u00bb Depuis son arriv\u00e9e sur les bords de la Mersey, Salah a totalement explos\u00e9 au plus haut niveau et est devenu une des r\u00e9f\u00e9rences mondiales \u00e0 son poste sous les ordres de J\u00fcrgen Klopp. Ses excellentes performances lui ont valu de nombreuses distinctions, notamment le titre de joueur de l&rsquo;ann\u00e9e PFA et de joueur de la saison en Premier League.<\/p>\n<p><strong>\u00ab\u00a0Ce serait un honneur de travailler avec Salah\u00a0\u00bb<\/strong><\/p>\n<p>Il a \u00e9galement remport\u00e9 le Soulier d&rsquo;Or de la Premier League pendant deux saisons cons\u00e9cutives et semble bien partie pour l\u2019\u00eatre une troisi\u00e8me fois. Avec 15 buts depuis le d\u00e9but de l\u2019exercice, l\u2019Egyptien caracole en t\u00eate du classement des buteurs malgr\u00e9 la saison compliqu\u00e9e des Reds. Mais il ne faut pas oublier les deux derni\u00e8res saisons extraordinaires de Liverpool, qui a d\u00e9croch\u00e9 une Ligue des Champions puis le titre de champion d\u2019Angleterre, une premi\u00e8re depuis trente ans. Et si le collectif de Klopp est souvent mis en lumi\u00e8re, l\u2019apport de Salah est bien digne de Messi ou CR7 pour le boss du Bayern Munich. Sous le charme du Reds, Rummenigge a ajout\u00e9 que les Bavarois ne pr\u00e9voyaient pas de signer l&rsquo;\u00c9gyptien pour le moment, mais qu&rsquo;il serait quelqu&rsquo;un avec qui ils envisageraient de travailler \u00e0 l&rsquo;avenir. \u00ab\u00a0Pour le moment, nous n&rsquo;avons pas l&rsquo;intention de signer Salah, mais ce serait certainement un honneur de l&rsquo;avoir.\u00a0\u00bb Le message est pass\u00e9, reste d\u00e9sormais \u00e0 voir ce que Salah d\u00e9cidera. Avec un contrat jusqu&rsquo;en 2023, il a encore le temps de voir venir rapporte Goal.<\/p>\n<p><strong>Publi\u00e9 dans :<\/strong> <span>salah<\/span><\/p>\n<\/div>\n<p>Auteur:<br \/>\n<a href=\"http:\/\/www.lebuteur.com\/article\/detail?titre=rummenigge-voit-salah-comme-le-messi-africain-et-aimerait-lavoir-au-bayern&#038;id=99017&#038;utm_source=feedburner&#038;utm_medium=feed&#038;utm_campaign=Feed%3A+GalerieFArtciles+%28Les+derniers+articles++-+lebuteur.com%29\">Cliquez ici pour lire l&rsquo;article depuis sa source.<\/a><\/p>\n","protected":false},"excerpt":{"rendered":"<p>Auteur : mardi 09 f\u00e9vrier 2021 19:07 FC Barcelone, Real Madrid et maintenant le Bayern Munich ? N\u2019ayant jamais cach\u00e9 son admirations pour les deux clubs espagnols, Mohamed Salah a fait une nouvelle victime gr\u00e2ce \u00e0 ses performances. \u00a0\u00ab\u00a0Je pense que Madrid et Barcelone sont des clubs de haut niveau&#8230; On ne sait jamais ce [&hellip;]<\/p>\n","protected":false},"author":1738,"featured_media":0,"comment_status":"closed","ping_status":"closed","sticky":false,"template":"","format":"standard","meta":{"fifu_image_url":"\/\/cdn.lebuteur.com\/data\/images\/article\/thumbs\/large-rummenigge-voit-salah-comme-le-messi-africain-et-aimerait-lavoir-au-bayern-8c2ac.jpg","fifu_image_alt":"International : Rummenigge voit Salah comme \"le Messi africain\" et aimerait l'avoir au Bayern","footnotes":""},"categories":[53,75],"tags":[],"class_list":["post-110914","post","type-post","status-publish","format-standard","hentry","category-algerie","category-sport"],"_links":{"self":[{"href":"https:\/\/linitiative.ca\/International\/wp-json\/wp\/v2\/posts\/110914","targetHints":{"allow":["GET"]}}],"collection":[{"href":"https:\/\/linitiative.ca\/International\/wp-json\/wp\/v2\/posts"}],"about":[{"href":"https:\/\/linitiative.ca\/International\/wp-json\/wp\/v2\/types\/post"}],"author":[{"embeddable":true,"href":"https:\/\/linitiative.ca\/International\/wp-json\/wp\/v2\/users\/1738"}],"replies":[{"embeddable":true,"href":"https:\/\/linitiative.ca\/International\/wp-json\/wp\/v2\/comments?post=110914"}],"version-history":[{"count":0,"href":"https:\/\/linitiative.ca\/International\/wp-json\/wp\/v2\/posts\/110914\/revisions"}],"wp:attachment":[{"href":"https:\/\/linitiative.ca\/International\/wp-json\/wp\/v2\/media?parent=110914"}],"wp:term":[{"taxonomy":"category","embeddable":true,"href":"https:\/\/linitiative.ca\/International\/wp-json\/wp\/v2\/categories?post=110914"},{"taxonomy":"post_tag","embeddable":true,"href":"https:\/\/linitiative.ca\/International\/wp-json\/wp\/v2\/tags?post=110914"}],"curies":[{"name":"wp","href":"https:\/\/api.w.org\/{rel}","templated":true}]}}