{"id":110916,"date":"2021-02-09T15:14:17","date_gmt":"2021-02-09T20:14:17","guid":{"rendered":"https:\/\/linitiative.ca\/International\/pros-lyon-benlamri-et-slimani-titulaires-face-a-ajaccio\/"},"modified":"2021-02-09T15:14:17","modified_gmt":"2021-02-09T20:14:17","slug":"pros-lyon-benlamri-et-slimani-titulaires-face-a-ajaccio","status":"publish","type":"post","link":"https:\/\/linitiative.ca\/International\/pros-lyon-benlamri-et-slimani-titulaires-face-a-ajaccio\/","title":{"rendered":"Pros : Lyon : Benlamri et Slimani titulaires face \u00e0 Ajaccio"},"content":{"rendered":"<div readability=\"32\">\n<p>Auteur : <span class=\"time\">mardi 09 f\u00e9vrier 2021 20:11<\/span><\/p>\n<\/div>\n<div id=\"post_core\" readability=\"59\">\n<p>Pour cette partie, l\u2019entra\u00eeneur rhodanien, Rudi Garcia, est priv\u00e9 de Denayer, bless\u00e9. Le technicien des Gones a d\u00e9cid\u00e9 de faire tourner afin de faire souffler ses nombreux cadres. Benlamri, Bard, Caqueret, Cherki et Slimani sont notamment titulaires. Voici la composition des deux \u00e9quipes.<\/p>\n<p><strong>Lyon :<\/strong> Lopes \u2013 De Sciglio, Benlamri, Diomand\u00e9, Bard &#8211; Caqueret, Guimaraes &#8211; Cherki, Depay (c), Cornet &#8211; Slimani.<\/p>\n<p><strong>Ajaccio :<\/strong> Leroy &#8211; Kalulu, Avinel, Sainati, Huard &#8211; Laci, Coutadeur (c) &#8211; Bayala, Marchetti, Lecoeuche &#8211; Courtet.<\/p>\n<p><strong>Publi\u00e9 dans :<\/strong> <span>Benlamri<\/span><\/p>\n<\/div>\n<p>Auteur:<br \/>\n<a href=\"http:\/\/www.lebuteur.com\/article\/detail?titre=lyon-benlamri-et-slimani-titulaires-face-a-ajaccio&#038;id=99019&#038;utm_source=feedburner&#038;utm_medium=feed&#038;utm_campaign=Feed%3A+GalerieFArtciles+%28Les+derniers+articles++-+lebuteur.com%29\">Cliquez ici pour lire l&rsquo;article depuis sa source.<\/a><\/p>\n","protected":false},"excerpt":{"rendered":"<p>Auteur : mardi 09 f\u00e9vrier 2021 20:11 Pour cette partie, l\u2019entra\u00eeneur rhodanien, Rudi Garcia, est priv\u00e9 de Denayer, bless\u00e9. Le technicien des Gones a d\u00e9cid\u00e9 de faire tourner afin de faire souffler ses nombreux cadres. Benlamri, Bard, Caqueret, Cherki et Slimani sont notamment titulaires. Voici la composition des deux \u00e9quipes. Lyon : Lopes \u2013 De [&hellip;]<\/p>\n","protected":false},"author":1738,"featured_media":0,"comment_status":"closed","ping_status":"closed","sticky":false,"template":"","format":"standard","meta":{"fifu_image_url":"\/\/cdn.lebuteur.com\/data\/images\/article\/thumbs\/large-lyon-benlamri-et-slimani-titulaires-face-a-ajaccio-2cdf1.jpg","fifu_image_alt":"Pros : Lyon : Benlamri et Slimani titulaires face \u00e0 Ajaccio","footnotes":""},"categories":[53,75],"tags":[],"class_list":["post-110916","post","type-post","status-publish","format-standard","hentry","category-algerie","category-sport"],"_links":{"self":[{"href":"https:\/\/linitiative.ca\/International\/wp-json\/wp\/v2\/posts\/110916","targetHints":{"allow":["GET"]}}],"collection":[{"href":"https:\/\/linitiative.ca\/International\/wp-json\/wp\/v2\/posts"}],"about":[{"href":"https:\/\/linitiative.ca\/International\/wp-json\/wp\/v2\/types\/post"}],"author":[{"embeddable":true,"href":"https:\/\/linitiative.ca\/International\/wp-json\/wp\/v2\/users\/1738"}],"replies":[{"embeddable":true,"href":"https:\/\/linitiative.ca\/International\/wp-json\/wp\/v2\/comments?post=110916"}],"version-history":[{"count":0,"href":"https:\/\/linitiative.ca\/International\/wp-json\/wp\/v2\/posts\/110916\/revisions"}],"wp:attachment":[{"href":"https:\/\/linitiative.ca\/International\/wp-json\/wp\/v2\/media?parent=110916"}],"wp:term":[{"taxonomy":"category","embeddable":true,"href":"https:\/\/linitiative.ca\/International\/wp-json\/wp\/v2\/categories?post=110916"},{"taxonomy":"post_tag","embeddable":true,"href":"https:\/\/linitiative.ca\/International\/wp-json\/wp\/v2\/tags?post=110916"}],"curies":[{"name":"wp","href":"https:\/\/api.w.org\/{rel}","templated":true}]}}