{"id":110919,"date":"2021-02-09T07:38:00","date_gmt":"2021-02-09T12:38:00","guid":{"rendered":"https:\/\/linitiative.ca\/International\/tunisie-comment-respecter-les-exigences-fmi\/"},"modified":"2021-02-09T07:38:00","modified_gmt":"2021-02-09T12:38:00","slug":"tunisie-comment-respecter-les-exigences-fmi","status":"publish","type":"post","link":"https:\/\/linitiative.ca\/International\/tunisie-comment-respecter-les-exigences-fmi\/","title":{"rendered":"Tunisie: Comment respecter les exigences FMI"},"content":{"rendered":"<p><img decoding=\"async\" src=\"\/uploads\/FCK_files\/atef-hannachi-min(1).jpg\" width=\"15%\" vspace=\"5\" hspace=\"5\" align=\"right\" alt=\"\"\/>Derni\u00e8rement le FMI a manifest\u00e9 clairement des exigences pour la poursuite du plan de r\u00e9forme de la Tunisie.<\/p>\n<p>Ces exigences sont comme suit :<\/p>\n<p class=\"c3\"><span class=\"c2\"><strong>1.<\/strong><\/span> La poursuite des efforts visant \u00e0 <em>\u00abr\u00e9duire les subventions \u00e0 l\u2019\u00e9nergie qui favorisent de mani\u00e8re disproportionn\u00e9e les plus ais\u00e9s\u00bb<\/em>.<\/p>\n<p class=\"c3\"><span class=\"c2\"><strong>2.<\/strong><\/span> La r\u00e9duction de la masse salariale du secteur public <em>\u00abqui est proportionnellement parmi les plus \u00e9lev\u00e9es au monde\u00bb<\/em>.<\/p>\n<p class=\"c3\"><span class=\"c2\"><strong>3.<\/strong><\/span> L\u2019adoption du projet de loi sur la r\u00e9forme des retraites <em>\u00abpour am\u00e9liorer la viabilit\u00e9 financi\u00e8re du syst\u00e8me de s\u00e9curit\u00e9 sociale\u00bb<\/em>.<\/p>\n<p class=\"c3\"><span class=\"c2\"><strong>4.<\/strong><\/span> Des mesures d\u00e9cisives cette ann\u00e9e <em>\u00abpour lutter contre l\u2019inflation, r\u00e9duire le d\u00e9ficit budg\u00e9taire et prot\u00e9ger les pauvres\u00bb<\/em> avec l\u2019augmentation des taux d\u2019int\u00e9r\u00eat et la lib\u00e9ration du dinar face aux devises<\/p>\n<p>Ces mesures demeurent difficiles \u00e0 mettre en place en Tunisie surtout avec la crise Covid 19, l\u2019instabilit\u00e9 politique et les pressions sociales.<\/p>\n<p class=\"c3\">Nous estimons que les axes pour respecter les r\u00e9formes s\u2019\u00e9tablissent comme suit :<br \/><span class=\"c2\"><strong>1.<\/strong><\/span> Pour le point de la r\u00e9duction de la masse salariale l\u2019\u00e9tat a int\u00e9r\u00eat \u00e0 utiliser la formule de partenariat public priv\u00e9 par la cr\u00e9ation de soci\u00e9t\u00e9s dans des secteurs \u00e0 valeur ajout\u00e9e et le transfert d\u2019une partie de la masse salariale comme la soci\u00e9t\u00e9 STEG energy renouvelable<\/p>\n<p class=\"c3\"><span class=\"c2\"><strong>2.<\/strong><\/span> Pour le point de la s\u00e9curit\u00e9 sociale l\u2019Etat peut intenter une r\u00e9forme financi\u00e8re de fonctionnement des m\u00e9canismes de retraite. La lib\u00e9ration de leur financement interne et leurs m\u00e9canismes de placement qui reste limit\u00e9 au niveau du secteur bancaire<\/p>\n<p class=\"c3\"><span class=\"c2\"><strong>3.<\/strong><\/span> Pour le point relatif \u00e0 la r\u00e9duction des subventions \u00e9nerg\u00e9tique. L\u2019Etat a int\u00e9r\u00eat \u00e0 acc\u00e9l\u00e9rer ses sources d\u2019\u00e9nergie renouvelable, l\u2019instauration d\u2019une grille de consommation et de b\u00e9n\u00e9fice des subventions \u00e9nerg\u00e9tique<\/p>\n<p class=\"c3\"><span class=\"c2\"><strong>4.<\/strong><\/span> Pour le point relatif au cours de change et \u00e0 l\u2019augmentation du taux d\u2019int\u00e9r\u00eat. La BCT a int\u00e9r\u00eat \u00e0 r\u00e9tablir la distinction classique entre investisseur et m\u00e9nage soit entre les taux d\u2019int\u00e9r\u00eat \u00e0 appliquer aux m\u00e9nages et les taux d\u2019int\u00e9r\u00eat \u00e0 appliquer aux investisseurs. La distinction permet de maitriser l\u2019inflation sans ralentir l\u2019investissement\u00a0<\/p>\n<p class=\"c5\"><strong>Atef Hannachi<\/strong><br \/><span class=\"c4\"><em>Expert Comptable<\/em><\/span><br \/>\u00a0<\/p>\n<p>Auteur:<br \/>\n<a href=\"https:\/\/www.leaders.com.tn\/article\/31405-tunisie-comment-respecter-les-exigences-fmi\">Cliquez ici pour lire l&rsquo;article depuis sa source.<\/a><\/p>\n","protected":false},"excerpt":{"rendered":"<p>Derni\u00e8rement le FMI a manifest\u00e9 clairement des exigences pour la poursuite du plan de r\u00e9forme de la Tunisie. Ces exigences sont comme suit : 1. La poursuite des efforts visant \u00e0 \u00abr\u00e9duire les subventions \u00e0 l\u2019\u00e9nergie qui favorisent de mani\u00e8re disproportionn\u00e9e les plus ais\u00e9s\u00bb. 2. La r\u00e9duction de la masse salariale du secteur public \u00abqui [&hellip;]<\/p>\n","protected":false},"author":1772,"featured_media":0,"comment_status":"closed","ping_status":"closed","sticky":false,"template":"","format":"standard","meta":{"fifu_image_url":"\/uploads\/FCK_files\/atef-hannachi-min(1).jpg","fifu_image_alt":"Tunisie: Comment respecter les exigences FMI","footnotes":""},"categories":[73,55],"tags":[],"class_list":["post-110919","post","type-post","status-publish","format-standard","hentry","category-actualite","category-tunisie"],"_links":{"self":[{"href":"https:\/\/linitiative.ca\/International\/wp-json\/wp\/v2\/posts\/110919","targetHints":{"allow":["GET"]}}],"collection":[{"href":"https:\/\/linitiative.ca\/International\/wp-json\/wp\/v2\/posts"}],"about":[{"href":"https:\/\/linitiative.ca\/International\/wp-json\/wp\/v2\/types\/post"}],"author":[{"embeddable":true,"href":"https:\/\/linitiative.ca\/International\/wp-json\/wp\/v2\/users\/1772"}],"replies":[{"embeddable":true,"href":"https:\/\/linitiative.ca\/International\/wp-json\/wp\/v2\/comments?post=110919"}],"version-history":[{"count":0,"href":"https:\/\/linitiative.ca\/International\/wp-json\/wp\/v2\/posts\/110919\/revisions"}],"wp:attachment":[{"href":"https:\/\/linitiative.ca\/International\/wp-json\/wp\/v2\/media?parent=110919"}],"wp:term":[{"taxonomy":"category","embeddable":true,"href":"https:\/\/linitiative.ca\/International\/wp-json\/wp\/v2\/categories?post=110919"},{"taxonomy":"post_tag","embeddable":true,"href":"https:\/\/linitiative.ca\/International\/wp-json\/wp\/v2\/tags?post=110919"}],"curies":[{"name":"wp","href":"https:\/\/api.w.org\/{rel}","templated":true}]}}