{"id":110923,"date":"2021-02-09T05:00:00","date_gmt":"2021-02-09T10:00:00","guid":{"rendered":"https:\/\/linitiative.ca\/International\/dbeibah-sengage-a-tenir-des-elections-a-la-date-prevue\/"},"modified":"2021-02-09T05:00:00","modified_gmt":"2021-02-09T10:00:00","slug":"dbeibah-sengage-a-tenir-des-elections-a-la-date-prevue","status":"publish","type":"post","link":"https:\/\/linitiative.ca\/International\/dbeibah-sengage-a-tenir-des-elections-a-la-date-prevue\/","title":{"rendered":"Dbeibah s&rsquo;engage \u00e0 tenir des \u00e9lections \u00e0 la date pr\u00e9vue"},"content":{"rendered":"<p>Le Premier ministre int\u00e9rimaire libyen, Abd al-Hamid Dbeibah, a affirm\u00e9 sa volont\u00e9 de remplir ses obligations concernant les \u00e9lections pr\u00e9vues le 24 d\u00e9cembre 2021, appelant le peuple libyen \u00e0 \u00abse rassembler autour du gouvernement pour commencer un travail s\u00e9rieux afin d&rsquo;all\u00e9ger les souffrances du citoyen\u00bb.<\/p>\n<p>Auteur:<br \/>\n<a href=\"https:\/\/www.lesoirdalgerie.com\/monde\/dbeibah-sengage-a-tenir-des-elections-a-la-date-prevue-56067\">Cliquez ici pour lire l&rsquo;article depuis sa source.<\/a><\/p>\n","protected":false},"excerpt":{"rendered":"<p>Le Premier ministre int\u00e9rimaire libyen, Abd al-Hamid Dbeibah, a affirm\u00e9 sa volont\u00e9 de remplir ses obligations concernant les \u00e9lections pr\u00e9vues le 24 d\u00e9cembre 2021, appelant le peuple libyen \u00e0 \u00abse rassembler autour du gouvernement pour commencer un travail s\u00e9rieux afin d&rsquo;all\u00e9ger les souffrances du citoyen\u00bb. Auteur: Cliquez ici pour lire l&rsquo;article depuis sa source.<\/p>\n","protected":false},"author":1741,"featured_media":0,"comment_status":"closed","ping_status":"closed","sticky":false,"template":"","format":"standard","meta":{"fifu_image_url":"","fifu_image_alt":"","footnotes":""},"categories":[73,53],"tags":[],"class_list":["post-110923","post","type-post","status-publish","format-standard","hentry","category-actualite","category-algerie"],"_links":{"self":[{"href":"https:\/\/linitiative.ca\/International\/wp-json\/wp\/v2\/posts\/110923","targetHints":{"allow":["GET"]}}],"collection":[{"href":"https:\/\/linitiative.ca\/International\/wp-json\/wp\/v2\/posts"}],"about":[{"href":"https:\/\/linitiative.ca\/International\/wp-json\/wp\/v2\/types\/post"}],"author":[{"embeddable":true,"href":"https:\/\/linitiative.ca\/International\/wp-json\/wp\/v2\/users\/1741"}],"replies":[{"embeddable":true,"href":"https:\/\/linitiative.ca\/International\/wp-json\/wp\/v2\/comments?post=110923"}],"version-history":[{"count":0,"href":"https:\/\/linitiative.ca\/International\/wp-json\/wp\/v2\/posts\/110923\/revisions"}],"wp:attachment":[{"href":"https:\/\/linitiative.ca\/International\/wp-json\/wp\/v2\/media?parent=110923"}],"wp:term":[{"taxonomy":"category","embeddable":true,"href":"https:\/\/linitiative.ca\/International\/wp-json\/wp\/v2\/categories?post=110923"},{"taxonomy":"post_tag","embeddable":true,"href":"https:\/\/linitiative.ca\/International\/wp-json\/wp\/v2\/tags?post=110923"}],"curies":[{"name":"wp","href":"https:\/\/api.w.org\/{rel}","templated":true}]}}