{"id":110924,"date":"2021-02-09T05:00:00","date_gmt":"2021-02-09T10:00:00","guid":{"rendered":"https:\/\/linitiative.ca\/International\/manifestations-pacifiques-dampleur-nationale\/"},"modified":"2021-02-09T05:00:00","modified_gmt":"2021-02-09T10:00:00","slug":"manifestations-pacifiques-dampleur-nationale","status":"publish","type":"post","link":"https:\/\/linitiative.ca\/International\/manifestations-pacifiques-dampleur-nationale\/","title":{"rendered":"Manifestations pacifiques d\u2019ampleur nationale"},"content":{"rendered":"<p>Une semaine apr\u00e8s le coup d\u2019Etat, des dizaines de milliers de personnes ont march\u00e9 dans plusieurs grandes villes, depuis samedi dernier, exigeant le retour \u00e0 la d\u00e9mocratie et la lib\u00e9ration de la dirigeante Aung San Suu Kyi. Les plus grands rassemblements ont eu lieu \u00e0 Rangoun, capitale \u00e9conomique, et \u00e0 Mandalay, la seconde ville du pays. Mais le mouvement a gagn\u00e9 les provinces et plusieurs Etats \u00abethniques\u00bb. Les manifestants refusent le retour de l\u2019arm\u00e9e au pouvoir. Par le biais de leur nouveau Pr\u00e9sident, Joe Biden, les Etats-Unis ont appel\u00e9 l\u2019arm\u00e9e \u00e0 rendre le pouvoir \u00abimm\u00e9diatement\u00bb, sous peine de sanctions. Une autre crise en perspective en Asie, d\u2019autant que Washington pointe du doigt la Chine, lui exigeant m\u00eame de condamner le coup d\u2019Etat.<\/p>\n<p>Auteur:<br \/>\n<a href=\"https:\/\/www.lesoirdalgerie.com\/monde\/manifestations-pacifiques-dampleur-nationale-56066\">Cliquez ici pour lire l&rsquo;article depuis sa source.<\/a><\/p>\n","protected":false},"excerpt":{"rendered":"<p>Une semaine apr\u00e8s le coup d\u2019Etat, des dizaines de milliers de personnes ont march\u00e9 dans plusieurs grandes villes, depuis samedi dernier, exigeant le retour \u00e0 la d\u00e9mocratie et la lib\u00e9ration de la dirigeante Aung San Suu Kyi. Les plus grands rassemblements ont eu lieu \u00e0 Rangoun, capitale \u00e9conomique, et \u00e0 Mandalay, la seconde ville du [&hellip;]<\/p>\n","protected":false},"author":1741,"featured_media":0,"comment_status":"closed","ping_status":"closed","sticky":false,"template":"","format":"standard","meta":{"fifu_image_url":"","fifu_image_alt":"","footnotes":""},"categories":[73,53],"tags":[],"class_list":["post-110924","post","type-post","status-publish","format-standard","hentry","category-actualite","category-algerie"],"_links":{"self":[{"href":"https:\/\/linitiative.ca\/International\/wp-json\/wp\/v2\/posts\/110924","targetHints":{"allow":["GET"]}}],"collection":[{"href":"https:\/\/linitiative.ca\/International\/wp-json\/wp\/v2\/posts"}],"about":[{"href":"https:\/\/linitiative.ca\/International\/wp-json\/wp\/v2\/types\/post"}],"author":[{"embeddable":true,"href":"https:\/\/linitiative.ca\/International\/wp-json\/wp\/v2\/users\/1741"}],"replies":[{"embeddable":true,"href":"https:\/\/linitiative.ca\/International\/wp-json\/wp\/v2\/comments?post=110924"}],"version-history":[{"count":0,"href":"https:\/\/linitiative.ca\/International\/wp-json\/wp\/v2\/posts\/110924\/revisions"}],"wp:attachment":[{"href":"https:\/\/linitiative.ca\/International\/wp-json\/wp\/v2\/media?parent=110924"}],"wp:term":[{"taxonomy":"category","embeddable":true,"href":"https:\/\/linitiative.ca\/International\/wp-json\/wp\/v2\/categories?post=110924"},{"taxonomy":"post_tag","embeddable":true,"href":"https:\/\/linitiative.ca\/International\/wp-json\/wp\/v2\/tags?post=110924"}],"curies":[{"name":"wp","href":"https:\/\/api.w.org\/{rel}","templated":true}]}}