{"id":110926,"date":"2021-02-09T05:00:00","date_gmt":"2021-02-09T10:00:00","guid":{"rendered":"https:\/\/linitiative.ca\/International\/le-conseil-de-securite-interpelle\/"},"modified":"2021-02-09T05:00:00","modified_gmt":"2021-02-09T10:00:00","slug":"le-conseil-de-securite-interpelle","status":"publish","type":"post","link":"https:\/\/linitiative.ca\/International\/le-conseil-de-securite-interpelle\/","title":{"rendered":"Le Conseil de s\u00e9curit\u00e9 interpell\u00e9"},"content":{"rendered":"<p class=\"c4\">L&rsquo;Association internationale des juristes d\u00e9mocrates a exprim\u00e9, dans un message au Conseil de s\u00e9curit\u00e9 onusien, sa profonde inqui\u00e9tude vis-\u00e0-vis de la reprise du conflit arm\u00e9 au Sahara Occidental, cons\u00e9quemment \u00e0 la violation par le royaume marocain de l&rsquo;accord de cessez-le-feu, appelant \u00e0 acc\u00e9l\u00e9rer l&rsquo;organisation d&rsquo;un r\u00e9f\u00e9rendum libre d&rsquo;autod\u00e9termination et d&rsquo;ind\u00e9pendance.\u00a0<br \/>\u00abL&rsquo;organisation a indiqu\u00e9 que les harc\u00e8lements, les actes barbares, l&rsquo;usage excessif de la force, les arrestations arbitraires, la torture, les fausses accusations, les proc\u00e8s iniques et les rapts font d\u00e9sormais partie de la vie quotidienne des civils sahraouis qui attendent, depuis des ann\u00e9es, l&rsquo;organisation d&rsquo;un r\u00e9f\u00e9rendum d&rsquo;autod\u00e9termination et d&rsquo;ind\u00e9pendance\u00bb, lit-on dans le message.\u00a0<br \/>L&rsquo;association a \u00e9galement fustig\u00e9, dans le message, les entraves dress\u00e9es syst\u00e9matiquement devant les efforts des anciens envoy\u00e9s personnels du secr\u00e9taire g\u00e9n\u00e9ral de l&rsquo;ONU, et le travail de la Minurso dans l&rsquo;ex\u00e9cution de son mandat et de sa mission qui consiste en l&rsquo;organisation du r\u00e9f\u00e9rendum. Elle a soulign\u00e9 la n\u00e9cessit\u00e9 pour l&rsquo;ONU d&rsquo;assurer la responsabilit\u00e9 envers le peuple du Sahara Occidental, conform\u00e9ment \u00e0 la d\u00e9cision de l&rsquo;Assembl\u00e9e g\u00e9n\u00e9rale dans son rapport intitul\u00e9 \u00abQuestion du Sahara Occidental\u00bb.\u00a0<br \/>Par ailleurs, le secr\u00e9tariat national du Front Polisario fait savoir que les festivit\u00e9s de comm\u00e9moration du 45e anniversaire de la proclamation de la R\u00e9publique arabe sahraouie d\u00e9mocratique (RASD) d\u00e9buteront le 22 f\u00e9vrier courant depuis Dakhla (camp des r\u00e9fugi\u00e9s sahraouis). Ces festivit\u00e9s seront couronn\u00e9es par une comm\u00e9moration officielle, le 27 f\u00e9vrier courant, dans la wilaya d&rsquo;Aousserd.\u00a0<br \/>Le pr\u00e9sident du comit\u00e9 charg\u00e9 des pr\u00e9paratifs de la comm\u00e9moration du 45e anniversaire de la RASD a pr\u00e9cis\u00e9, lors d&rsquo;une conf\u00e9rence de presse, que les festivit\u00e9s comm\u00e9moratives de l&rsquo;\u00e9v\u00e8nement \u00abporteront sur diff\u00e9rentes activit\u00e9s culturelles, sociales, politiques, sportives, voire m\u00eame militaires et ce, au regard de la conjoncture exceptionnelle que conna\u00eet la cause sahraouie depuis le 13 novembre dernier et de la reprise de la lutte arm\u00e9e\u00bb.<br \/>R. I.<\/p>\n<p>Auteur:<br \/>\n<a href=\"https:\/\/www.lesoirdalgerie.com\/monde\/le-conseil-de-securite-interpelle-56064\">Cliquez ici pour lire l&rsquo;article depuis sa source.<\/a><\/p>\n","protected":false},"excerpt":{"rendered":"<p>L&rsquo;Association internationale des juristes d\u00e9mocrates a exprim\u00e9, dans un message au Conseil de s\u00e9curit\u00e9 onusien, sa profonde inqui\u00e9tude vis-\u00e0-vis de la reprise du conflit arm\u00e9 au Sahara Occidental, cons\u00e9quemment \u00e0 la violation par le royaume marocain de l&rsquo;accord de cessez-le-feu, appelant \u00e0 acc\u00e9l\u00e9rer l&rsquo;organisation d&rsquo;un r\u00e9f\u00e9rendum libre d&rsquo;autod\u00e9termination et d&rsquo;ind\u00e9pendance.\u00a0\u00abL&rsquo;organisation a indiqu\u00e9 que les harc\u00e8lements, [&hellip;]<\/p>\n","protected":false},"author":1741,"featured_media":0,"comment_status":"closed","ping_status":"closed","sticky":false,"template":"","format":"standard","meta":{"fifu_image_url":"","fifu_image_alt":"","footnotes":""},"categories":[73,53],"tags":[],"class_list":["post-110926","post","type-post","status-publish","format-standard","hentry","category-actualite","category-algerie"],"_links":{"self":[{"href":"https:\/\/linitiative.ca\/International\/wp-json\/wp\/v2\/posts\/110926","targetHints":{"allow":["GET"]}}],"collection":[{"href":"https:\/\/linitiative.ca\/International\/wp-json\/wp\/v2\/posts"}],"about":[{"href":"https:\/\/linitiative.ca\/International\/wp-json\/wp\/v2\/types\/post"}],"author":[{"embeddable":true,"href":"https:\/\/linitiative.ca\/International\/wp-json\/wp\/v2\/users\/1741"}],"replies":[{"embeddable":true,"href":"https:\/\/linitiative.ca\/International\/wp-json\/wp\/v2\/comments?post=110926"}],"version-history":[{"count":0,"href":"https:\/\/linitiative.ca\/International\/wp-json\/wp\/v2\/posts\/110926\/revisions"}],"wp:attachment":[{"href":"https:\/\/linitiative.ca\/International\/wp-json\/wp\/v2\/media?parent=110926"}],"wp:term":[{"taxonomy":"category","embeddable":true,"href":"https:\/\/linitiative.ca\/International\/wp-json\/wp\/v2\/categories?post=110926"},{"taxonomy":"post_tag","embeddable":true,"href":"https:\/\/linitiative.ca\/International\/wp-json\/wp\/v2\/tags?post=110926"}],"curies":[{"name":"wp","href":"https:\/\/api.w.org\/{rel}","templated":true}]}}