{"id":110927,"date":"2021-02-09T09:45:00","date_gmt":"2021-02-09T14:45:00","guid":{"rendered":"https:\/\/linitiative.ca\/International\/avis-locafinance-inaugure-son-mobility-center\/"},"modified":"2021-02-09T09:45:00","modified_gmt":"2021-02-09T14:45:00","slug":"avis-locafinance-inaugure-son-mobility-center","status":"publish","type":"post","link":"https:\/\/linitiative.ca\/International\/avis-locafinance-inaugure-son-mobility-center\/","title":{"rendered":"Avis Locafinance inaugure son \u00abMobility Center\u00bb"},"content":{"rendered":"<p><strong>Conform\u00e9ment \u00e0 sa feuille de route d\u00e9voil\u00e9e courant 2019, AVIS Locafinance poursuit son positionnement en mati\u00e8re de mobilit\u00e9 en lan\u00e7ant un concept in\u00e9dit baptis\u00e9 \u00abMobility Center\u00bb.<\/strong><\/p>\n<div class=\"c10\"\/>\n<p>Avis Locafinance vient de lancer \u00a0un concept baptis\u00e9 \u00abMobility Center\u00bb, consistant en une plateforme technique et commerciale unique et se voulant diff\u00e9renciante sur le march\u00e9 de l\u2019automobile. Cette derni\u00e8re entend r\u00e9pondre de fa\u00e7on compl\u00e8te et personnalis\u00e9e aux attentes de tous les conducteurs.\u00a0 Etal\u00e9 sur une surface de 10 000 m2, le \u00abMobility Center\u00bb permet de retrouver, en un seul endroit, une offre de service de mobilit\u00e9 \u00e9tendue couvrant les besoins des clients particuliers et professionnels.<\/p>\n<p><strong>Lire aussi |<\/strong> <strong><a href=\"https:\/\/www.challenge.ma\/drame-de-tanger-la-cgem-travaille-sur-une-task-force-174698\/\">Drame de Tanger : la CGEM travaille sur une task force<\/a><\/strong><\/p>\n<p>Situ\u00e9 \u00e0 A\u00efn Seba\u00e2, ce centre permet au client \u00a0de retrouver tout un univers ax\u00e9 autour de la mobilit\u00e9 incluant les activit\u00e9s d\u2019entretien de v\u00e9hicules pour particuliers et professionnels, de r\u00e9paration, de carrosserie et peinture. Les visiteurs peuvent \u00e9galement s\u2019orienter vers le showroom de v\u00e9hicules d\u2019occasions o\u00f9 ils pourront trouver des dizaines de v\u00e9hicules en vente faiblement kilom\u00e9tr\u00e9s et en parfait \u00e9tat.<\/p>\n<p><strong>Lire aussi | <a href=\"https:\/\/www.challenge.ma\/campagne-vignette-2021-attijariwafa-bank-confirme-son-leadership-174705\/\">Campagne vignette 2021 : Attijariwafa bank confirme son leadership<\/a><\/strong><\/p>\n<p>Selon le Groupe sp\u00e9cialiste en mati\u00e8re de location automobile, le client pourra \u00e9changer \u00e9galement sur place avec une \u00e9quipe de professionnels comp\u00e9tente pour le conseiller sur la meilleure solution de location de v\u00e9hicules utilitaires ou de tourisme, avec ou sans chauffeur compl\u00e9t\u00e9e par une panoplie de services \u00e0 la cl\u00e9\u00a0tels que des solutions de g\u00e9olocalisation, de t\u00e9l\u00e9matique, de logistique de v\u00e9hicules et de gardiennage.<\/p>\n<p>Auteur: challenge<br \/>\n<a href=\"https:\/\/www.challenge.ma\/avis-locafinance-inaugure-son-mobility-center-174728\/\">Cliquez ici pour lire l&rsquo;article depuis sa source.<\/a><\/p>\n","protected":false},"excerpt":{"rendered":"<p>Conform\u00e9ment \u00e0 sa feuille de route d\u00e9voil\u00e9e courant 2019, AVIS Locafinance poursuit son positionnement en mati\u00e8re de mobilit\u00e9 en lan\u00e7ant un concept in\u00e9dit baptis\u00e9 \u00abMobility Center\u00bb. Avis Locafinance vient de lancer \u00a0un concept baptis\u00e9 \u00abMobility Center\u00bb, consistant en une plateforme technique et commerciale unique et se voulant diff\u00e9renciante sur le march\u00e9 de l\u2019automobile. Cette derni\u00e8re [&hellip;]<\/p>\n","protected":false},"author":1787,"featured_media":0,"comment_status":"closed","ping_status":"closed","sticky":false,"template":"","format":"standard","meta":{"fifu_image_url":"","fifu_image_alt":"","footnotes":""},"categories":[78,54],"tags":[],"class_list":["post-110927","post","type-post","status-publish","format-standard","hentry","category-economie","category-maroc"],"_links":{"self":[{"href":"https:\/\/linitiative.ca\/International\/wp-json\/wp\/v2\/posts\/110927","targetHints":{"allow":["GET"]}}],"collection":[{"href":"https:\/\/linitiative.ca\/International\/wp-json\/wp\/v2\/posts"}],"about":[{"href":"https:\/\/linitiative.ca\/International\/wp-json\/wp\/v2\/types\/post"}],"author":[{"embeddable":true,"href":"https:\/\/linitiative.ca\/International\/wp-json\/wp\/v2\/users\/1787"}],"replies":[{"embeddable":true,"href":"https:\/\/linitiative.ca\/International\/wp-json\/wp\/v2\/comments?post=110927"}],"version-history":[{"count":0,"href":"https:\/\/linitiative.ca\/International\/wp-json\/wp\/v2\/posts\/110927\/revisions"}],"wp:attachment":[{"href":"https:\/\/linitiative.ca\/International\/wp-json\/wp\/v2\/media?parent=110927"}],"wp:term":[{"taxonomy":"category","embeddable":true,"href":"https:\/\/linitiative.ca\/International\/wp-json\/wp\/v2\/categories?post=110927"},{"taxonomy":"post_tag","embeddable":true,"href":"https:\/\/linitiative.ca\/International\/wp-json\/wp\/v2\/tags?post=110927"}],"curies":[{"name":"wp","href":"https:\/\/api.w.org\/{rel}","templated":true}]}}