{"id":110929,"date":"2021-02-09T11:24:49","date_gmt":"2021-02-09T16:24:49","guid":{"rendered":"https:\/\/linitiative.ca\/International\/maroc-les-damnes-sous-terre\/"},"modified":"2021-02-09T11:24:49","modified_gmt":"2021-02-09T16:24:49","slug":"maroc-les-damnes-sous-terre","status":"publish","type":"post","link":"https:\/\/linitiative.ca\/International\/maroc-les-damnes-sous-terre\/","title":{"rendered":"Maroc. Les damn\u00e9s sous-terre"},"content":{"rendered":"<p><strong>28 Marocains ont \u00e9t\u00e9 ensevelis par la boue dans un atelier secret \u00e0 Tanger. C\u2019est un drame, \u00e9vitable bien s\u00fbr, et surtout en opposition directe avec les objectifs nationaux pour la ville de Tanger, phare d\u00e9sign\u00e9 de l\u2019int\u00e9gration du Maroc \u00e0 l\u2019\u00e9conomie mondialis\u00e9e.<\/strong><\/p>\n<div class=\"c10\"\/>\n<p>Les responsabilit\u00e9s sont multiples. Le patron, bien s\u00fbr, un escobar de l\u2019informel qui a d\u00e9sormais 28 morts sur le dos, mais aussi le Mokaddem, le Ca\u00efd, la DGST, les voisins. Les voisins parce qu\u2019il y a une situation sanitaire, que face \u00e0 eux, une villa accueille des dizaines de personnes chaque jour. Personne n\u2019a boug\u00e9 et nous avons des morts \u00e0 d\u00e9plorer.<\/p>\n<p><strong>Lire aussi | <a href=\"https:\/\/www.challenge.ma\/attijariwafa-bank-consolide-son-positionnement-dans-la-banque-digitale-174663\/\" target=\"_blank\" rel=\"noreferrer noopener\">Attijariwafa bank consolide son positionnement dans la banque digitale<\/a><\/strong><\/p>\n<p>Mais au-del\u00e0 de l\u2019\u00e9motion, int\u00e9ressons-nous aux victimes. Comment en 2021, un Marocain, une Marocaine peut accepter de travailler dans un atelier secret, sans aucune garantie s\u00e9curitaire\u00a0? La r\u00e9ponse c\u2019est la n\u00e9cessit\u00e9. Des gens biens, qui refusent de tomber dans l\u2019illicite, la drogue, la prostitution, la d\u00e9linquance, sont oblig\u00e9s d\u2019accepter de travailler dans des conditions illicites, parce qu\u2019ils n\u2019ont pas le choix. Il n\u2019y a aucune protection sociale digne de ce nom. La lutte contre l\u2019informel des bas-fonds ne peut se r\u00e9sumer \u00e0 une campagne s\u00e9curitaire. Il faut r\u00e9former la protection sociale, pour que par respect pour leur dignit\u00e9, les Marocains refusent des statuts qui confinent \u00e0 l\u2019esclavage.<\/p>\n<p><strong>Lire aussi | <a href=\"https:\/\/www.challenge.ma\/coronavirus-le-ministere-de-la-sante-vise-pres-de-130-000-tests-covid-par-semaine-174622\/\" target=\"_blank\" rel=\"noreferrer noopener\">Coronavirus : le minist\u00e8re de la Sant\u00e9 vise pr\u00e8s de 130.000 tests-Covid par semaine<\/a><\/strong><\/p>\n<p>Ce qui s\u2019est pass\u00e9 est inacceptable par rapport \u00e0 notre projet national. Le traiter comme un fait divers, emp\u00eache la vraie r\u00e9flexion sur ce lumpenprol\u00e9tariat qui vit aux portes de l\u2019enfer. La lucidit\u00e9 c\u2019est de reconna\u00eetre les faits, le d\u00e9ni est source d\u2019inaction.<\/p>\n<p>Auteur: challenge<br \/>\n<a href=\"https:\/\/www.challenge.ma\/les-damnes-sous-terre-174683\/\">Cliquez ici pour lire l&rsquo;article depuis sa source.<\/a><\/p>\n","protected":false},"excerpt":{"rendered":"<p>28 Marocains ont \u00e9t\u00e9 ensevelis par la boue dans un atelier secret \u00e0 Tanger. C\u2019est un drame, \u00e9vitable bien s\u00fbr, et surtout en opposition directe avec les objectifs nationaux pour la ville de Tanger, phare d\u00e9sign\u00e9 de l\u2019int\u00e9gration du Maroc \u00e0 l\u2019\u00e9conomie mondialis\u00e9e. Les responsabilit\u00e9s sont multiples. Le patron, bien s\u00fbr, un escobar de l\u2019informel [&hellip;]<\/p>\n","protected":false},"author":1787,"featured_media":0,"comment_status":"closed","ping_status":"closed","sticky":false,"template":"","format":"standard","meta":{"fifu_image_url":"","fifu_image_alt":"","footnotes":""},"categories":[78,54],"tags":[],"class_list":["post-110929","post","type-post","status-publish","format-standard","hentry","category-economie","category-maroc"],"_links":{"self":[{"href":"https:\/\/linitiative.ca\/International\/wp-json\/wp\/v2\/posts\/110929","targetHints":{"allow":["GET"]}}],"collection":[{"href":"https:\/\/linitiative.ca\/International\/wp-json\/wp\/v2\/posts"}],"about":[{"href":"https:\/\/linitiative.ca\/International\/wp-json\/wp\/v2\/types\/post"}],"author":[{"embeddable":true,"href":"https:\/\/linitiative.ca\/International\/wp-json\/wp\/v2\/users\/1787"}],"replies":[{"embeddable":true,"href":"https:\/\/linitiative.ca\/International\/wp-json\/wp\/v2\/comments?post=110929"}],"version-history":[{"count":0,"href":"https:\/\/linitiative.ca\/International\/wp-json\/wp\/v2\/posts\/110929\/revisions"}],"wp:attachment":[{"href":"https:\/\/linitiative.ca\/International\/wp-json\/wp\/v2\/media?parent=110929"}],"wp:term":[{"taxonomy":"category","embeddable":true,"href":"https:\/\/linitiative.ca\/International\/wp-json\/wp\/v2\/categories?post=110929"},{"taxonomy":"post_tag","embeddable":true,"href":"https:\/\/linitiative.ca\/International\/wp-json\/wp\/v2\/tags?post=110929"}],"curies":[{"name":"wp","href":"https:\/\/api.w.org\/{rel}","templated":true}]}}