{"id":110930,"date":"2021-02-09T11:55:40","date_gmt":"2021-02-09T16:55:40","guid":{"rendered":"https:\/\/linitiative.ca\/International\/drame-de-tanger-la-cgem-travaille-sur-une-task-force\/"},"modified":"2021-02-09T11:55:40","modified_gmt":"2021-02-09T16:55:40","slug":"drame-de-tanger-la-cgem-travaille-sur-une-task-force","status":"publish","type":"post","link":"https:\/\/linitiative.ca\/International\/drame-de-tanger-la-cgem-travaille-sur-une-task-force\/","title":{"rendered":"Drame de Tanger : la CGEM travaille sur une task force"},"content":{"rendered":"<p><strong>Le patronat se dit attrist\u00e9 par la nouvelle du d\u00e9c\u00e8s de 29 personnes dans une usine informelle \u00e0 Tanger. Au nom de tous ses membres, la il pr\u00e9sente ses sinc\u00e8res condol\u00e9ances aux familles des victimes et \u00e0 leurs proches.<\/strong><\/p>\n<div class=\"c10\"\/>\n<p>Au-del\u00e0 des cons\u00e9quences n\u00e9fastes sur l\u2019\u00e9conomie, cette trag\u00e9die vient rappeler le danger quotidien que repr\u00e9sente le secteur de l\u2019informel sur la s\u00e9curit\u00e9 des marocains, souligne la Conf\u00e9d\u00e9ration. Elle ajoute que la majorit\u00e9 des unit\u00e9s informelles recourent \u00e0 une main-d\u2019\u0153uvre non salari\u00e9e, \u00e0 travers des modalit\u00e9s de travail pr\u00e9caires, non-r\u00e9glement\u00e9s, non-d\u00e9clar\u00e9s et en dehors de tout cadre. De ce fait, les travailleurs informels se trouvent dans une situation de grande vuln\u00e9rabilit\u00e9.<\/p>\n<p><strong>Lire aussi | <a href=\"https:\/\/www.challenge.ma\/les-damnes-sous-terre-174683\/\" target=\"_blank\" rel=\"noreferrer noopener\">Les damn\u00e9s sous-terre<\/a><\/strong><\/p>\n<p>Afin d\u2019endiguer ce fl\u00e9au, des mesures courageuses et pragmatiques, \u00e0 l\u2019instar de la g\u00e9n\u00e9ralisation de la couverture sociale demand\u00e9e par S.M. le Roi Mohammed VI, doivent \u00eatre prises dans le cadre d\u2019une strat\u00e9gie globale, ajoute le patronat.<\/p>\n<p><strong>Lire aussi | <a href=\"https:\/\/www.challenge.ma\/attijariwafa-bank-consolide-son-positionnement-dans-la-banque-digitale-174663\/\" target=\"_blank\" rel=\"noreferrer noopener\">Attijariwafa bank consolide son positionnement dans la banque digitale<\/a><\/strong><\/p>\n<p>Il se dit dispos\u00e9 \u00e0 consacrer une task force d\u00e9di\u00e9e pour travailler main dans la main avec l\u2019\u00c9tat sur ce sujet hautement important pour l\u2019\u00e9quilibre socio-\u00e9conomique de notre pays.<\/p>\n<p>Auteur: challenge<br \/>\n<a href=\"https:\/\/www.challenge.ma\/drame-de-tanger-la-cgem-travaille-sur-une-task-force-174698\/\">Cliquez ici pour lire l&rsquo;article depuis sa source.<\/a><\/p>\n","protected":false},"excerpt":{"rendered":"<p>Le patronat se dit attrist\u00e9 par la nouvelle du d\u00e9c\u00e8s de 29 personnes dans une usine informelle \u00e0 Tanger. Au nom de tous ses membres, la il pr\u00e9sente ses sinc\u00e8res condol\u00e9ances aux familles des victimes et \u00e0 leurs proches. Au-del\u00e0 des cons\u00e9quences n\u00e9fastes sur l\u2019\u00e9conomie, cette trag\u00e9die vient rappeler le danger quotidien que repr\u00e9sente le [&hellip;]<\/p>\n","protected":false},"author":1787,"featured_media":0,"comment_status":"closed","ping_status":"closed","sticky":false,"template":"","format":"standard","meta":{"fifu_image_url":"","fifu_image_alt":"","footnotes":""},"categories":[78,54],"tags":[],"class_list":["post-110930","post","type-post","status-publish","format-standard","hentry","category-economie","category-maroc"],"_links":{"self":[{"href":"https:\/\/linitiative.ca\/International\/wp-json\/wp\/v2\/posts\/110930","targetHints":{"allow":["GET"]}}],"collection":[{"href":"https:\/\/linitiative.ca\/International\/wp-json\/wp\/v2\/posts"}],"about":[{"href":"https:\/\/linitiative.ca\/International\/wp-json\/wp\/v2\/types\/post"}],"author":[{"embeddable":true,"href":"https:\/\/linitiative.ca\/International\/wp-json\/wp\/v2\/users\/1787"}],"replies":[{"embeddable":true,"href":"https:\/\/linitiative.ca\/International\/wp-json\/wp\/v2\/comments?post=110930"}],"version-history":[{"count":0,"href":"https:\/\/linitiative.ca\/International\/wp-json\/wp\/v2\/posts\/110930\/revisions"}],"wp:attachment":[{"href":"https:\/\/linitiative.ca\/International\/wp-json\/wp\/v2\/media?parent=110930"}],"wp:term":[{"taxonomy":"category","embeddable":true,"href":"https:\/\/linitiative.ca\/International\/wp-json\/wp\/v2\/categories?post=110930"},{"taxonomy":"post_tag","embeddable":true,"href":"https:\/\/linitiative.ca\/International\/wp-json\/wp\/v2\/tags?post=110930"}],"curies":[{"name":"wp","href":"https:\/\/api.w.org\/{rel}","templated":true}]}}