{"id":110936,"date":"2021-02-09T16:47:09","date_gmt":"2021-02-09T21:47:09","guid":{"rendered":"https:\/\/linitiative.ca\/International\/tunisie-hajer-ben-cheikh-ahmed-hichem-mechichi-se-trouve-dans-limpasse\/"},"modified":"2021-02-09T16:47:09","modified_gmt":"2021-02-09T21:47:09","slug":"tunisie-hajer-ben-cheikh-ahmed-hichem-mechichi-se-trouve-dans-limpasse","status":"publish","type":"post","link":"https:\/\/linitiative.ca\/International\/tunisie-hajer-ben-cheikh-ahmed-hichem-mechichi-se-trouve-dans-limpasse\/","title":{"rendered":"Tunisie- Hajer Ben Cheikh Ahmed: Hichem Mechichi se trouve dans l\u2019impasse"},"content":{"rendered":"<div class=\"post-cont-in left relative\">\n<div id=\"post-info-wrap\" class=\"left relative post-info-out\">\n<div class=\"post-info-img left relative\"><img loading=\"lazy\" decoding=\"async\" alt=\"\" src=\"https:\/\/secure.gravatar.com\/avatar\/4e507094cc8003289b58af26e43363e6?s=50&amp;d=mm&amp;r=g\" srcset=\"https:\/\/secure.gravatar.com\/avatar\/4e507094cc8003289b58af26e43363e6?s=100&amp;d=mm&amp;r=g 2x\" class=\"avatar avatar-50 photo\" height=\"50\" width=\"50\"\/><\/div>\n<div class=\"post-info-in\">\n<div class=\"post-info-right left relative post-info-name left relative\"><span><span class=\"post-info-text\">Par<\/span> <span class=\"author-name vcard fn author\"><a href=\"https:\/\/www.tunisienumerique.com\/author\/sabrine-hamouda\/\" title=\"Articles par Mayara\" rel=\"author\">Mayara<\/a><\/span><\/span> <span class=\"post-date updated\"><time class=\"post-date updated\" datetime=\"2021-02-09\">\u00a0| Il y a 25 minutes<\/time><\/span><\/div>\n<div class=\"left relative\"><button id=\"listenButton1\" class=\"responsivevoice-button\" type=\"button\" value=\"Play\" title=\"&#xC9;coutez l'article\"><span>\ud83d\udd0a \u00c9coutez l&rsquo;article<\/span><\/button> <\/div>\n<\/div>\n<\/div>\n<p>Commentant la pol\u00e9mique autour du remaniement minist\u00e9riel propos\u00e9 par le Chef du gouvernement, l\u2019experte en droit publique et ancienne d\u00e9put\u00e9e, Hajer Ben Cheikh Ahmed, a d\u00e9clar\u00e9 aujourd\u2019hui \u00e0 Tunisienum\u00e9rique que Hichem Mechichi ne pourrait pas intenter un passage en force, pour trois raisons:<\/p>\n<div class=\"code-block code-block-1 c4\"><ins class=\"adsbygoogle c3\" data-ad-layout=\"in-article\" data-ad-format=\"fluid\" data-ad-client=\"ca-pub-2102118777505746\" data-ad-slot=\"7301775417\"\/> <\/div>\n<p><strong>Les obstacles qui emp\u00eachent le passage en force<\/strong><\/p>\n<p>Tout d\u2019abord, conform\u00e9ment \u00e0 la l\u00e9gislation en vigueur, les \u00ab ministres propos\u00e9s \u00bb ne peuvent commencer \u00e0 exercer leurs fonctions et par l\u00e0 m\u00eame devenir ministres au sens l\u00e9gal du terme, qu\u2019apr\u00e8s <strong><em>la prestation de serment<\/em><\/strong>, a expliqu\u00e9 la juriste.<\/p>\n<p>Elle a dans cette optique rappel\u00e9 que, sauf en cas d\u2019int\u00e9rim, la prise de fonction des ministres ne peut se faire que par <strong><em>d\u00e9cret du pr\u00e9sident de la R\u00e9publique<\/em><\/strong>t ce . \u00ab Il serait donc faux de croire qu\u2019il s\u2019agit de simples formalit\u00e9s, ce sont des conditions indispensables qui doivent \u00eatre respect\u00e9es\u00bb, contrairement au passage par l\u2019Assembl\u00e9e des Repr\u00e9sentants du Peuple qui n\u2019a jamais \u00e9t\u00e9 une proc\u00e9dure obligatoire, a-t-elle ajout\u00e9.<\/p>\n<p>En effet, lorsqu\u2019il est question d\u2019une modification partielle de la composition du gouvernement, le Chef du gouvernement n\u2019est pas oblig\u00e9 d\u2019obtenir la confiance des d\u00e9put\u00e9s. Il s\u2019agit d\u2019une sorte de \u00ab tradition parlementaire \u00bb que Habib Khedher avait inc\u00e9r\u00e9 dans le R\u00e8glement int\u00e9rieur de l\u2019ARP. Cela ne change cependant en rien le caract\u00e8re anticonstitutionnel de cette proc\u00e9dure; d\u2019ailleurs si la cour constitutionnelle avait \u00e9t\u00e9 cr\u00e9e, elle n\u2019aurait pas permis une telle violation, selon Hajer Ben Cheikh Ahmed.<\/p>\n<p>La troisi\u00e8me difficult\u00e9 \u00e0 laquelle Mechichi serait confront\u00e9e en intentant un passage en force serait celle relative \u00e0 la <strong><em>d\u00e9claration du patrimoine<\/em><\/strong>, que seuls les ministres en fonction peuvent effectuer, mais qui n\u2019en demeure pas moins une formalit\u00e9 obligatoire, a-t-elle expliqu\u00e9.<\/p>\n<p><strong>Le probl\u00e8me est juridique mais la solution est politique<\/strong><\/p>\n<p>Face \u00e0 cette situation, il n\u2019y a qu\u2019une seule issue\u00a0: Il faut que l\u2019une des deux t\u00eates du pouvoir ex\u00e9cutif assouplisse ses positions, a d\u00e9clar\u00e9 notre experte, ajoutant que les impasses juridiques de ce genre sont devenues monnaie courante depuis 2011, \u00e0 cause du manque de connaissances juridiques de ceux qui votent les lois.<\/p>\n<p>Soulignant que ce remaniement arrive apr\u00e8s juste deux mois et des poussi\u00e8res de travail gouvernemental, la juriste a estim\u00e9 que Hichem Mechichi pourrait \u00a0se contenter de remplir les postes vacants au lieu d\u2019effectuer des changements aussi radicaux, comme il pourrait reconnaitre son \u00e9chec et d\u00e9missionner.<\/p>\n<div class=\"swp_social_panel swp_horizontal_panel swp_flat_fresh swp_default_full_color swp_individual_full_color swp_other_full_color scale-100 scale-\" data-min-width=\"1100\" data-float-color=\"#ffffff\" data-float=\"bottom\" data-float-mobile=\"bottom\" data-transition=\"slide\">\n<div class=\"nc_tweetContainer swp_share_button total_shares total_sharesalt\"><span class=\"swp_count\">6 <span class=\"swp_label\">Partages<\/span><\/span><\/div>\n<\/div>\n<p><strong>Que se passe-t-il en Tunisie?<\/strong><br \/>Nous expliquons sur notre <a href=\"https:\/\/www.youtube.com\/channel\/UCRzypVq0B_yBad5eGrwBx0Q?sub_confirmation=1\" target=\"_blank\" rel=\"noopener\">cha\u00eene YouTube<\/a> . <a href=\"https:\/\/www.youtube.com\/channel\/UCRzypVq0B_yBad5eGrwBx0Q?sub_confirmation=1\" target=\"_blank\" rel=\"noopener\">Abonnez-vous!<\/a><\/p>\n<div class=\"mvp-org-wrap mvp-org-logo\" itemprop=\"publisher\"><img decoding=\"async\" src=\"https:\/\/www.tunisienumerique.com\/wp-content\/uploads\/2017\/02\/logo_tunisie_numerique.png\"\/><\/div>\n<div class=\"mvp-related-posts left relative\">\n<h4 class=\"post-header\"><span class=\"post-header\">Lire aussi<\/span><\/h4>\n<\/div>\n<div id=\"article-ad\"><ins class=\"adsbygoogle c5\" data-ad-client=\"ca-pub-2102118777505746\" data-ad-slot=\"6513972734\" data-ad-format=\"auto\" data-full-width-responsive=\"true\"\/> <\/div>\n<\/div>\n<div id=\"post-sidebar-wrap\"><ins class=\"adsbygoogle c5\" data-ad-client=\"ca-pub-2102118777505746\" data-ad-slot=\"6168283410\" data-ad-format=\"auto\" data-full-width-responsive=\"true\"\/> <\/div>\n<p>Auteur: Mayara<br \/>\n<a href=\"https:\/\/www.tunisienumerique.com\/tunisie-hajer-ben-cheikh-ahmed-hichem-mechichi-se-trouve-dans-limpasse\/\">Cliquez ici pour lire l&rsquo;article depuis sa source.<\/a><\/p>\n","protected":false},"excerpt":{"rendered":"<p>Par Mayara \u00a0| Il y a 25 minutes \ud83d\udd0a \u00c9coutez l&rsquo;article Commentant la pol\u00e9mique autour du remaniement minist\u00e9riel propos\u00e9 par le Chef du gouvernement, l\u2019experte en droit publique et ancienne d\u00e9put\u00e9e, Hajer Ben Cheikh Ahmed, a d\u00e9clar\u00e9 aujourd\u2019hui \u00e0 Tunisienum\u00e9rique que Hichem Mechichi ne pourrait pas intenter un passage en force, pour trois raisons: Les [&hellip;]<\/p>\n","protected":false},"author":1789,"featured_media":0,"comment_status":"closed","ping_status":"closed","sticky":false,"template":"","format":"standard","meta":{"fifu_image_url":"https:\/\/secure.gravatar.com\/avatar\/4e507094cc8003289b58af26e43363e6?s=50&d=mm&r=g","fifu_image_alt":"Tunisie- Hajer Ben Cheikh Ahmed: Hichem Mechichi se trouve dans l\u2019impasse","footnotes":""},"categories":[73,55],"tags":[],"class_list":["post-110936","post","type-post","status-publish","format-standard","hentry","category-actualite","category-tunisie"],"_links":{"self":[{"href":"https:\/\/linitiative.ca\/International\/wp-json\/wp\/v2\/posts\/110936","targetHints":{"allow":["GET"]}}],"collection":[{"href":"https:\/\/linitiative.ca\/International\/wp-json\/wp\/v2\/posts"}],"about":[{"href":"https:\/\/linitiative.ca\/International\/wp-json\/wp\/v2\/types\/post"}],"author":[{"embeddable":true,"href":"https:\/\/linitiative.ca\/International\/wp-json\/wp\/v2\/users\/1789"}],"replies":[{"embeddable":true,"href":"https:\/\/linitiative.ca\/International\/wp-json\/wp\/v2\/comments?post=110936"}],"version-history":[{"count":0,"href":"https:\/\/linitiative.ca\/International\/wp-json\/wp\/v2\/posts\/110936\/revisions"}],"wp:attachment":[{"href":"https:\/\/linitiative.ca\/International\/wp-json\/wp\/v2\/media?parent=110936"}],"wp:term":[{"taxonomy":"category","embeddable":true,"href":"https:\/\/linitiative.ca\/International\/wp-json\/wp\/v2\/categories?post=110936"},{"taxonomy":"post_tag","embeddable":true,"href":"https:\/\/linitiative.ca\/International\/wp-json\/wp\/v2\/tags?post=110936"}],"curies":[{"name":"wp","href":"https:\/\/api.w.org\/{rel}","templated":true}]}}